{"id":52833,"date":"2024-06-07T01:07:00","date_gmt":"2024-06-07T04:07:00","guid":{"rendered":"https:\/\/panoramadelsur.com.ar\/?p=52833"},"modified":"2024-06-06T16:54:58","modified_gmt":"2024-06-06T19:54:58","slug":"estudiantes-varelenses-asumieron-el-compromiso-de-cuidar-el-medio-ambiente","status":"publish","type":"post","link":"https:\/\/panoramadelsur.com.ar\/?p=52833","title":{"rendered":"ESTUDIANTES VARELENSES ASUMIERON EL COMPROMISO DE CUIDAR EL MEDIO AMBIENTE"},"content":{"rendered":"\n<p>El jefe comunal -Andr\u00e9s Watson- presidi\u00f3 la decimotercera Jura Ambiental donde el alumnado de 6to grado y 1\u00ba a\u00f1o en primarias, secundarias tanto estatales como privadas del distrito acept\u00f3 el desaf\u00edo de proteger el ecosistema.<\/p>\n\n\n\n<p>La ceremonia nucle\u00f3 a representantes de 25 establecimientos pedag\u00f3gicos en el sal\u00f3n de usos m\u00faltiples perteneciente a la Escuela N\u00ba3 \u201cArist\u00f3bulo del Valle\u201d, localizada en Villa M\u00f3nica Vieja, para conmemorar el \u201cD\u00eda Mundial del Medio Ambiente\u201d.<\/p>\n\n\n\n<p>\u201cLa comunidad educativa evidenci\u00f3 la relevancia de multiplicar conductas apropiadas en la protecci\u00f3n de la naturaleza y sostener el desarrollo sustentable durante las trece ediciones de este encuentro\u201d, afirm\u00f3 el Alcalde ante el juvenil auditorio.<\/p>\n\n\n\n<p>El Mandatario varelense marc\u00f3 \u201cla confianza depositada en las nuevas generaciones que modificaron un paradigma, asumieron un rol protag\u00f3nico con la responsabilidad de crear conciencia y visibilizar acciones destructivas hacia nuestro entorno com\u00fan\u201d.<\/p>\n\n\n\n<p>\u201cEn cada peque\u00f1o gesto o h\u00e1bito individual, como evitar arrojar basura en la v\u00eda p\u00fablica o clasificar residuos en origen, hicimos un aporte colectivo en la construcci\u00f3n de un Florencio Varela m\u00e1s limpio y agradable\u201d, remarc\u00f3 el Intendente.<\/p>\n\n\n\n<p>La directora de la entidad anfitriona -Emilse Brite- subray\u00f3 \u201cla oportunidad de trabajar en armon\u00eda con el objetivo de asegurar un futuro sostenible a los chicos y las chicas que con gran esmero e inter\u00e9s aut\u00e9ntico elaboraron proyectos alucinantes\u201d.&nbsp;&nbsp;<\/p>\n\n\n\n<p>Un estudiante de la E.E.P. N\u00ba43, Benjam\u00edn Ledezma, enfatiz\u00f3 en \u201cno subestimar la funci\u00f3n que aceptamos desde hoy en adelante como personas comprometidas con un prop\u00f3sito y actuar en consecuencia, no quedar s\u00f3lo en las palabras\u201d.&nbsp;&nbsp;<\/p>\n\n\n\n<p>Los diferentes stands distribuidos en el patio externo de la instituci\u00f3n exhib\u00edan las heterog\u00e9neas propuestas dise\u00f1adas por el estudiantado sobre reducci\u00f3n, reutilizaci\u00f3n y reciclaje de materiales.&nbsp;&nbsp;&nbsp;<\/p>\n\n\n\n<p>Con sus compa\u00f1eras y compa\u00f1eros del Instituto Santo Tom\u00e1s, Ana Paula argument\u00f3 la \u201cdecisi\u00f3n de armar juegos para todas las edades con elementos que muchas veces descart\u00e1bamos: desde un ajedrez o un rompecabezas hasta piezas de decoraci\u00f3n\u201d.<\/p>\n\n\n\n<p>\u201cLa adaptaci\u00f3n de ciertas costumbres no solo permiti\u00f3 extender la vida \u00fatil de los objetos sino prolongar nuestra existencia como especie en un planeta m\u00e1s lindo e inculcarle esos valores a hijos, hijas o familiares\u201d, reflexion\u00f3 la adolescente.<\/p>\n\n\n\n<p>Estuvieron el secretario de Obras, Servicios P\u00fablicos, Ambiente y Planificaci\u00f3n Urbana, Diego Trejo; el jefe distrital de Educaci\u00f3n, Alfredo Schveizer; el inspector de Secundario de la jefatura regional DIEGEP, Diego Toccheton; la edil Beatriz Domingorena; autoridades del Museo Provincial \u201cGuillermo Hudson\u201d; referentes de entidades intermedias.<\/p>\n","protected":false},"excerpt":{"rendered":"<p>El jefe<\/p>\n","protected":false},"author":1,"featured_media":52834,"comment_status":"closed","ping_status":"closed","sticky":false,"template":"","format":"standard","meta":{"footnotes":""},"categories":[3],"tags":[30],"class_list":["post-52833","post","type-post","status-publish","format-standard","has-post-thumbnail","hentry","category-regionales","tag-varela"],"_links":{"self":[{"href":"https:\/\/panoramadelsur.com.ar\/index.php?rest_route=\/wp\/v2\/posts\/52833","targetHints":{"allow":["GET"]}}],"collection":[{"href":"https:\/\/panoramadelsur.com.ar\/index.php?rest_route=\/wp\/v2\/posts"}],"about":[{"href":"https:\/\/panoramadelsur.com.ar\/index.php?rest_route=\/wp\/v2\/types\/post"}],"author":[{"embeddable":true,"href":"https:\/\/panoramadelsur.com.ar\/index.php?rest_route=\/wp\/v2\/users\/1"}],"replies":[{"embeddable":true,"href":"https:\/\/panoramadelsur.com.ar\/index.php?rest_route=%2Fwp%2Fv2%2Fcomments&post=52833"}],"version-history":[{"count":1,"href":"https:\/\/panoramadelsur.com.ar\/index.php?rest_route=\/wp\/v2\/posts\/52833\/revisions"}],"predecessor-version":[{"id":52835,"href":"https:\/\/panoramadelsur.com.ar\/index.php?rest_route=\/wp\/v2\/posts\/52833\/revisions\/52835"}],"wp:featuredmedia":[{"embeddable":true,"href":"https:\/\/panoramadelsur.com.ar\/index.php?rest_route=\/wp\/v2\/media\/52834"}],"wp:attachment":[{"href":"https:\/\/panoramadelsur.com.ar\/index.php?rest_route=%2Fwp%2Fv2%2Fmedia&parent=52833"}],"wp:term":[{"taxonomy":"category","embeddable":true,"href":"https:\/\/panoramadelsur.com.ar\/index.php?rest_route=%2Fwp%2Fv2%2Fcategories&post=52833"},{"taxonomy":"post_tag","embeddable":true,"href":"https:\/\/panoramadelsur.com.ar\/index.php?rest_route=%2Fwp%2Fv2%2Ftags&post=52833"}],"curies":[{"name":"wp","href":"https:\/\/api.w.org\/{rel}","templated":true}]}}