{"id":52836,"date":"2024-06-07T01:02:00","date_gmt":"2024-06-07T04:02:00","guid":{"rendered":"https:\/\/panoramadelsur.com.ar\/?p=52836"},"modified":"2024-06-06T16:59:51","modified_gmt":"2024-06-06T19:59:51","slug":"v-com-una-tradicion-varelense-este-sabado-en-la-biblioteca-popular-sarmiento","status":"publish","type":"post","link":"https:\/\/panoramadelsur.com.ar\/?p=52836","title":{"rendered":"V-COM, UNA TRADICI\u00d3N VARELENSE, ESTE S\u00c1BADO EN LA BIBLIOTECA POPULAR SARMIENTO"},"content":{"rendered":"\n<p>La propuesta municipal tiene como protagonista un fen\u00f3meno mundial en boga: el K-pop. La cultura coreana manifestada a trav\u00e9s de m\u00fasica, coreograf\u00edas, moda, gastronom\u00eda y arte. La cita es el s\u00e1bado 8 de junio de 12 a 18 hs. en la Biblioteca Popular Sarmiento, ubicada en calle Boccuzzi esquina Espa\u00f1a, en la zona c\u00e9ntrica del distrito.<\/p>\n\n\n\n<p>El director de Programas, Proyectos y Eventos comunal -Federico Ruidiaz- repasa el desarrollo de la iniciativa \u00abcon actividades tanto din\u00e1micas como est\u00e1ticas\u201d. \u201cEspect\u00e1culos en vivo, stands alusivos a la tem\u00e1tica, sorteos, entretenimientos\u201d, enumera.<\/p>\n\n\n\n<p>Por \u00faltimo, destaca \u201cla trascendencia de este tipo de estrategias para que las juventudes expresen sus saberes, gustos, habilidades y compartirlas a la comunidad\u201d. La fecha es abierta a todo p\u00fablico y de acceso gratuito.<\/p>\n\n\n\n<p>Cronograma<\/p>\n\n\n\n<p>13 hs. Apertura.<\/p>\n\n\n\n<p>13.30 hs. Bloque de fandancers.<\/p>\n\n\n\n<p>14.10 hs. Show de Kaos.<\/p>\n\n\n\n<p>14.30 hs. Random.<\/p>\n\n\n\n<p>15 hs. Fansinger.<\/p>\n\n\n\n<p>15.15 hs. Show CaMo2<\/p>\n\n\n\n<p>15.30 hs. Segundo bloque.<\/p>\n\n\n\n<p>16 hs. Juego.<\/p>\n\n\n\n<p>16.30 hs. Random.<\/p>\n\n\n\n<p>17 hs. Show Aepolars.<\/p>\n\n\n\n<p>17.15 hs. Random.<\/p>\n","protected":false},"excerpt":{"rendered":"<p>La propuesta<\/p>\n","protected":false},"author":1,"featured_media":52837,"comment_status":"closed","ping_status":"closed","sticky":false,"template":"","format":"standard","meta":{"footnotes":""},"categories":[8,3],"tags":[30],"class_list":["post-52836","post","type-post","status-publish","format-standard","has-post-thumbnail","hentry","category-para-agendar","category-regionales","tag-varela"],"_links":{"self":[{"href":"https:\/\/panoramadelsur.com.ar\/index.php?rest_route=\/wp\/v2\/posts\/52836","targetHints":{"allow":["GET"]}}],"collection":[{"href":"https:\/\/panoramadelsur.com.ar\/index.php?rest_route=\/wp\/v2\/posts"}],"about":[{"href":"https:\/\/panoramadelsur.com.ar\/index.php?rest_route=\/wp\/v2\/types\/post"}],"author":[{"embeddable":true,"href":"https:\/\/panoramadelsur.com.ar\/index.php?rest_route=\/wp\/v2\/users\/1"}],"replies":[{"embeddable":true,"href":"https:\/\/panoramadelsur.com.ar\/index.php?rest_route=%2Fwp%2Fv2%2Fcomments&post=52836"}],"version-history":[{"count":1,"href":"https:\/\/panoramadelsur.com.ar\/index.php?rest_route=\/wp\/v2\/posts\/52836\/revisions"}],"predecessor-version":[{"id":52838,"href":"https:\/\/panoramadelsur.com.ar\/index.php?rest_route=\/wp\/v2\/posts\/52836\/revisions\/52838"}],"wp:featuredmedia":[{"embeddable":true,"href":"https:\/\/panoramadelsur.com.ar\/index.php?rest_route=\/wp\/v2\/media\/52837"}],"wp:attachment":[{"href":"https:\/\/panoramadelsur.com.ar\/index.php?rest_route=%2Fwp%2Fv2%2Fmedia&parent=52836"}],"wp:term":[{"taxonomy":"category","embeddable":true,"href":"https:\/\/panoramadelsur.com.ar\/index.php?rest_route=%2Fwp%2Fv2%2Fcategories&post=52836"},{"taxonomy":"post_tag","embeddable":true,"href":"https:\/\/panoramadelsur.com.ar\/index.php?rest_route=%2Fwp%2Fv2%2Ftags&post=52836"}],"curies":[{"name":"wp","href":"https:\/\/api.w.org\/{rel}","templated":true}]}}