{"id":52842,"date":"2024-06-06T17:31:07","date_gmt":"2024-06-06T20:31:07","guid":{"rendered":"https:\/\/panoramadelsur.com.ar\/?p=52842"},"modified":"2024-06-06T17:31:08","modified_gmt":"2024-06-06T20:31:08","slug":"peligra-la-continuidad-del-coro-nacional-de-ninos-tras-mas-de-cinco-decadas-de-existencia","status":"publish","type":"post","link":"https:\/\/panoramadelsur.com.ar\/?p=52842","title":{"rendered":"PELIGRA LA CONTINUIDAD DEL CORO NACIONAL DE NI\u00d1OS TRAS M\u00c1S DE CINCO D\u00c9CADAS DE EXISTENCIA"},"content":{"rendered":"\n<p>Con una\u00a0campa\u00f1a p\u00fablica\u00a0para la cobertura de las plazas pendientes a ser completadas de un total de 40 vacantes e informaci\u00f3n sobre el funcionamiento, la comisi\u00f3n de padres de los chicos que asisten al del\u00a0Coro Nacional de Ni\u00f1os, dependiente de la Secretar\u00eda de Cultura, solicitan certezas sobre la continuidad de un espacio musical creado hace 57 a\u00f1os.<\/p>\n\n\n\n<p>Bajo el t\u00edtulo\u00a0\u201cCubran las vacantes en el Coro Nacional de Ni\u00f1os de Argentina\u201d\u00a0la\u00a0<a href=\"https:\/\/www.change.org\/p\/cubran-las-vacantes-en-el-coro-nacional-de-ni%C3%B1os-de-argentina?recruiter=886587940&amp;recruited_by_id=d73ade30-7cbe-11e8-ba57-757a7401e156&amp;utm_source=share_petition&amp;utm_campaign=share_for_starters_page&amp;utm_medium=copylink\">solicitada publicada el 4 de junio en la plataforma Change.org\u00a0<\/a>busca tener certezas sobre la cobertura de las plazas de\u00a0<strong>ni\u00f1os y j\u00f3venes de entre 10 y 17 a\u00f1os<\/strong>\u00a0que integran el Coro Nacional de Ni\u00f1os (CNN), que tiene en la actualidad 13 lugares disponibles para los cuales otros tantos ni\u00f1os hicieron el curso preparatorio hace ya dos a\u00f1os.<\/p>\n\n\n\n<p>El Coro depende de la\u00a0Direcci\u00f3n Nacional de Elencos Estables\u00a0dirigido desde 2017 por\u00a0Mariela Florencia Bolatti, a quien la comisi\u00f3n solicita explicaciones de por qu\u00e9 no se cubren las plazas. Sin embargo, las familias apuntan que esta irregularidad no sucede con los otros ocho elencos estables que dependen de la funcionaria como son la\u00a0Orquesta Nacional de M\u00fasica Argentina Juan de Dios Filiberto, la Orquesta Sinf\u00f3nica Nacional, entre otros.\u00a0<\/p>\n\n\n\n<p>En sus consideraciones, la misiva indica: \u201cMientras se aplican en nuestro pa\u00eds medidas de corte de presupuesto y desfinanciamiento a distintas \u00e1reas de la cultura, hasta el momento\u00a0no tenemos certeza alguna sobre la continuidad de la actividad del Coro Nacional de Ni\u00f1os\u201d.<\/p>\n\n\n\n<p>\u201cConcretamente, y a pesar de haber solicitado la informaci\u00f3n en reiteradas oportunidades, nada se sabe sobre el financiamiento de las presentaciones previstas para este a\u00f1o, o\u00a0 la incorporaci\u00f3n de nuevos integrantes, ejes fundamentales para garantizar la continuidad de la formaci\u00f3n coral y la preparaci\u00f3n de los repertorios\u201d.<\/p>\n\n\n\n<p>La preocupaci\u00f3n de los padres y madres es\u00a0\u201cla ausencia de informaci\u00f3n certera emitida por las autoridades\u201d, lo cual radica tambi\u00e9n ante la posible afectaci\u00f3n de los \u201cderechos adquiridos por los ni\u00f1os y ni\u00f1as a trav\u00e9s de la Ley 26.061\u00a0Protecci\u00f3n Integral de los Derechos de las Ni\u00f1as, Ni\u00f1os y Adolescentes,\u00a0 Ley N\u00b0 24.650 (1996), el Convenio N\u00b0 138 de la OIT , art. 115 de la Ley 20.744 que garantizan y regulan la actividad art\u00edstica de los coreutas\u201d, se\u00f1alan.<\/p>\n\n\n\n<p>Luego piden la continuidad de la calidad del Coro y la promoci\u00f3n del canto coral en los ni\u00f1os, la difusi\u00f3n del repertorio universal con \u00e9nfasis en autores argentinos ya que los integrantes de la agrupaci\u00f3n son \u201cembajadores culturales del pa\u00eds\u201d.&nbsp;&nbsp;<\/p>\n\n\n\n<h2 class=\"wp-block-heading\">El pedido<\/h2>\n\n\n\n<p>En concreto, solicitan informaci\u00f3n sobre la\u00a0falta de asignaci\u00f3n de las 13 vacantes correspondientes a la Planta transitoria\u00a0para completar las 40 asignaciones hist\u00f3ricas, las cuales \u201cforman parte del Presupuesto nacional\u201d, y que fueron asignadas al Coro por el Decreto 8557\/67 de creaci\u00f3n del organismo. Entonces, teniendo en cuenta que ante una baja por motivos como el cambio en la voz o cambio de instrumento musical, por ejemplo, una nueva alta no genera nuevas erogaciones.\u00a0<\/p>\n\n\n\n<p>El pedido tambi\u00e9n apunta a saber\u00a0qu\u00e9 sucede con \u201cla renovaci\u00f3n de los contratos en Planta Transitoria para el a\u00f1o 2025\u201d una \u201cestructura que permite al organismo\u00a0 funcionar desde\u00a0 hace 57 a\u00f1os\u201d.<\/p>\n\n\n\n<p>Las familias explican que esa planta, es una figura que cumplimenta la legislaci\u00f3n al tratarse de menores de edad que ensayan tres horas en tres d\u00edas semanales y realizan presentaciones, por lo cual tienen cobertura m\u00e9dica y aporte jubilatorio.&nbsp;<\/p>\n\n\n\n<p>En el comunicado, la comisi\u00f3n recuerda que el CNN es uno de los ternados como\u00a0Mejor Coro de la Temporada 2023 por la Asociaci\u00f3n de Cr\u00edticos Musicales de Argentina, dado lo cual apuntan: \u201ccompartimos este nuevo logro e instamos a brindar el apoyo necesario para continuar desarrollando un organismo que funciona y crece cada a\u00f1o\u201d, expresan desde el pedido colectivo.<\/p>\n\n\n\n<h2 class=\"wp-block-heading\">Su trayectoria<\/h2>\n\n\n\n<p>El\u00a0CNN fue creado en 1967\u00a0y dirigido hasta 2009 por Vilma Gorini de Teseo. Desde el 2010 su direcci\u00f3n esta a cargo de Mar\u00eda Isabel Sanz, y su vasto repertorio musical abarca desde m\u00fasica de c\u00e1mara del Renacimiento a la actualidad incluyendo el g\u00e9nero oper\u00edstico.<\/p>\n\n\n\n<p>\u201cEl organismo posee un esp\u00edritu musical de gran amplitud, manteniendo siempre la premisa de la mejor calidad art\u00edstica posible\u201d, apuntan desde la p\u00e1gina oficial del organismo.<\/p>\n\n\n\n<p>\u201cEsto se refleja en la prol\u00edfica trayectoria del coro y en la interpretaci\u00f3n de obras fundamentalmente \u00b4a cappella\u00b4, pero tambi\u00e9n m\u00fasica sinf\u00f3nico-coral o escrita para otras diversas formaciones musicales\u201d, destacan.<\/p>\n\n\n\n<p>Con seis registros en su historia, particip\u00f3 en las bandas sonoras de las pel\u00edculas \u201cYo, la peor de todas\u201d (1989) de Mar\u00eda Luisa Bemberg y \u201cTetro\u201d (2008) de Francis Ford Coppola, y con conciertos en Argentina y el exterior, adem\u00e1s de premios y distinciones.<\/p>\n","protected":false},"excerpt":{"rendered":"<p>Con una\u00a0campa\u00f1a<\/p>\n","protected":false},"author":1,"featured_media":52843,"comment_status":"closed","ping_status":"closed","sticky":false,"template":"","format":"standard","meta":{"footnotes":""},"categories":[4],"tags":[],"class_list":["post-52842","post","type-post","status-publish","format-standard","has-post-thumbnail","hentry","category-nacionales"],"_links":{"self":[{"href":"https:\/\/panoramadelsur.com.ar\/index.php?rest_route=\/wp\/v2\/posts\/52842","targetHints":{"allow":["GET"]}}],"collection":[{"href":"https:\/\/panoramadelsur.com.ar\/index.php?rest_route=\/wp\/v2\/posts"}],"about":[{"href":"https:\/\/panoramadelsur.com.ar\/index.php?rest_route=\/wp\/v2\/types\/post"}],"author":[{"embeddable":true,"href":"https:\/\/panoramadelsur.com.ar\/index.php?rest_route=\/wp\/v2\/users\/1"}],"replies":[{"embeddable":true,"href":"https:\/\/panoramadelsur.com.ar\/index.php?rest_route=%2Fwp%2Fv2%2Fcomments&post=52842"}],"version-history":[{"count":1,"href":"https:\/\/panoramadelsur.com.ar\/index.php?rest_route=\/wp\/v2\/posts\/52842\/revisions"}],"predecessor-version":[{"id":52844,"href":"https:\/\/panoramadelsur.com.ar\/index.php?rest_route=\/wp\/v2\/posts\/52842\/revisions\/52844"}],"wp:featuredmedia":[{"embeddable":true,"href":"https:\/\/panoramadelsur.com.ar\/index.php?rest_route=\/wp\/v2\/media\/52843"}],"wp:attachment":[{"href":"https:\/\/panoramadelsur.com.ar\/index.php?rest_route=%2Fwp%2Fv2%2Fmedia&parent=52842"}],"wp:term":[{"taxonomy":"category","embeddable":true,"href":"https:\/\/panoramadelsur.com.ar\/index.php?rest_route=%2Fwp%2Fv2%2Fcategories&post=52842"},{"taxonomy":"post_tag","embeddable":true,"href":"https:\/\/panoramadelsur.com.ar\/index.php?rest_route=%2Fwp%2Fv2%2Ftags&post=52842"}],"curies":[{"name":"wp","href":"https:\/\/api.w.org\/{rel}","templated":true}]}}