{"id":52851,"date":"2024-06-06T19:17:25","date_gmt":"2024-06-06T22:17:25","guid":{"rendered":"https:\/\/panoramadelsur.com.ar\/?p=52851"},"modified":"2024-06-06T19:17:25","modified_gmt":"2024-06-06T22:17:25","slug":"gremios-internacionales-respaldaron-al-sindicalismo-argentino-en-su-plan-de-lucha-contra-el-gobierno","status":"publish","type":"post","link":"https:\/\/panoramadelsur.com.ar\/?p=52851","title":{"rendered":"GREMIOS INTERNACIONALES RESPALDARON AL SINDICALISMO ARGENTINO EN SU PLAN DE LUCHA CONTRA EL GOBIERNO"},"content":{"rendered":"\n<p>Las centrales sindicales argentinas participaron este jueves un encuentro hist\u00f3rico en el marco de la\u00a0112\u00b0 Conferencia Internacional de Trabajo\u00a0(CIT 2024) en Ginebra, Suiza, con un fuerte respaldo de gremios globales al plan de lucha contra el gobierno del presidente\u00a0Javier Milei.<\/p>\n\n\n\n<p>La\u00a0Confederaci\u00f3n General del Trabajo (CGT), la CTA de los Trabajadores y la CTA Aut\u00f3noma\u00a0fueron respaldadas por representantes de uniones globales y centrales sindicales de m\u00e1s de treinta pa\u00edses.\u00a0<\/p>\n\n\n\n<p>All\u00ed, las centrales obreras expusieron, seg\u00fan especifica el comunicado que difundieron, sobre \u201clas consecuencias de la pol\u00edtica de ajuste y la reforma laboral\u00bb que impulsa el mandatario desde el inicio de su gesti\u00f3n, en diciembre pasado.\u00a0<\/p>\n\n\n\n<p>El encuentro realizado en el edificio de la OIT, bajo el lema \u201cLa democracia en Am\u00e9rica Latina, casos actuales\u00bb, estuvo encabezado por los secretarios de Relaciones Internacionales de las tres centrales,\u00a0Gerardo Mart\u00ednez\u00a0(CGT),\u00a0Roberto Baradel\u00a0(CTA T) y\u00a0Adolfo \u00abFito\u00bb Aguirre\u00a0(CTA A).<\/p>\n\n\n\n<p>\u00abEste acto\u00a0revitaliza la fortaleza y la identidad que representa la historia de lucha del movimiento sindical argentino, en el Palacio de la defensa de la justicia social, de los derechos fundamentales del trabajo, como lo es nuestra OIT\u00bb, expres\u00f3 Gerardo Mart\u00ednez en el discurso de apertura.\u00a0<\/p>\n\n\n\n<p>El acto fue incorporado por la OIT en el cronograma de acciones de di\u00e1logo y debate que se llevan adelante desde el pasado 3 de junio con participaci\u00f3n de los representantes gubernamentales, empleadores y trabajadores de los 187 Estados miembros del organismo.<\/p>\n\n\n\n<p>Por su parte, Roberto Baradel destac\u00f3 la unidad que tuvo el movimiento obrero argentino y, por otro lado, Aguirre denunci\u00f3 que \u00a0Milei lleva adelante un \u00abataque multidimensional\u00bb contra los trabajadores\u00bb. \u00a0<\/p>\n\n\n\n<p>\u201cNo es s\u00f3lo un ataque a los derechos sindicales conquistados por la lucha del movimiento obrero, por eso tenemos que estar m\u00e1s organizados para dar batalla a un desaf\u00edo desgraciado que tenemos en Argentina\u201d, sostuvo.&nbsp;<\/p>\n\n\n\n<p>En representaci\u00f3n del sindicalismo argentino, tambi\u00e9n asistieron al evento el cosecretario general de la CGT,\u00a0H\u00e9ctor Daer; el secretario gremial de la CTA de los Trabajadores,\u00a0Claudio Mar\u00edn; y el secretario general de la CTA Aut\u00f3noma,\u00a0Hugo \u00abCachorro\u00bb Godoy.<\/p>\n\n\n\n<p>Tambi\u00e9n lo hicieron Cristian Jer\u00f3nimo (SEIVARA), Marcelo Di St\u00e9fano (CONTUA), Maia Volcovinsky (UEJN), Nahuel Chancel (SUPEH), Abel Furl\u00e1n (UOM), Rodolfo Aguiar (ATE), Daniel Rodr\u00edguez (FOEESITRA), Daniel Jorajuria Kahrs (CTA A) y Miguel Zubieta (FATSA),&nbsp;entre&nbsp;otros.<\/p>\n","protected":false},"excerpt":{"rendered":"<p>Las centrales<\/p>\n","protected":false},"author":1,"featured_media":52852,"comment_status":"closed","ping_status":"closed","sticky":false,"template":"","format":"standard","meta":{"footnotes":""},"categories":[4],"tags":[],"class_list":["post-52851","post","type-post","status-publish","format-standard","has-post-thumbnail","hentry","category-nacionales"],"_links":{"self":[{"href":"https:\/\/panoramadelsur.com.ar\/index.php?rest_route=\/wp\/v2\/posts\/52851","targetHints":{"allow":["GET"]}}],"collection":[{"href":"https:\/\/panoramadelsur.com.ar\/index.php?rest_route=\/wp\/v2\/posts"}],"about":[{"href":"https:\/\/panoramadelsur.com.ar\/index.php?rest_route=\/wp\/v2\/types\/post"}],"author":[{"embeddable":true,"href":"https:\/\/panoramadelsur.com.ar\/index.php?rest_route=\/wp\/v2\/users\/1"}],"replies":[{"embeddable":true,"href":"https:\/\/panoramadelsur.com.ar\/index.php?rest_route=%2Fwp%2Fv2%2Fcomments&post=52851"}],"version-history":[{"count":1,"href":"https:\/\/panoramadelsur.com.ar\/index.php?rest_route=\/wp\/v2\/posts\/52851\/revisions"}],"predecessor-version":[{"id":52853,"href":"https:\/\/panoramadelsur.com.ar\/index.php?rest_route=\/wp\/v2\/posts\/52851\/revisions\/52853"}],"wp:featuredmedia":[{"embeddable":true,"href":"https:\/\/panoramadelsur.com.ar\/index.php?rest_route=\/wp\/v2\/media\/52852"}],"wp:attachment":[{"href":"https:\/\/panoramadelsur.com.ar\/index.php?rest_route=%2Fwp%2Fv2%2Fmedia&parent=52851"}],"wp:term":[{"taxonomy":"category","embeddable":true,"href":"https:\/\/panoramadelsur.com.ar\/index.php?rest_route=%2Fwp%2Fv2%2Fcategories&post=52851"},{"taxonomy":"post_tag","embeddable":true,"href":"https:\/\/panoramadelsur.com.ar\/index.php?rest_route=%2Fwp%2Fv2%2Ftags&post=52851"}],"curies":[{"name":"wp","href":"https:\/\/api.w.org\/{rel}","templated":true}]}}