{"id":52860,"date":"2024-06-07T01:01:00","date_gmt":"2024-06-07T04:01:00","guid":{"rendered":"https:\/\/panoramadelsur.com.ar\/?p=52860"},"modified":"2024-06-06T20:45:28","modified_gmt":"2024-06-06T23:45:28","slug":"fuerte-baja-de-ventas-con-tarjetas-de-credito-en-mayo","status":"publish","type":"post","link":"https:\/\/panoramadelsur.com.ar\/?p=52860","title":{"rendered":"FUERTE BAJA DE VENTAS CON TARJETAS DE CR\u00c9DITO EN MAYO"},"content":{"rendered":"\n<p class=\"wp-block-paragraph\">Las transacciones con tarjetas de cr\u00e9dito en mayo alcanzaron a $7.877.139 millones, un 170,8% m\u00e1s que en el mismo mes del a\u00f1o pasado, pero unos 100 puntos por debajo de la inflaci\u00f3n acumulada, lo que muestra una fuerte retracci\u00f3n en el consumo.<\/p>\n\n\n\n<p class=\"wp-block-paragraph\">Este dato complica el relato oficial que sugiere que lo peor de la crisis se habr\u00eda transitado durante los meses de marzo y abril.<\/p>\n\n\n\n<p class=\"wp-block-paragraph\">Si se compara con abril de este a\u00f1o, las ventas con tarjetas de cr\u00e9dito aumentaron 9,2%,\u00a0en este caso superando a la inflaci\u00f3n esperada para el per\u00edodo. \u00a0\u00a0\u00a0<\/p>\n\n\n\n<p class=\"wp-block-paragraph\">Guillermo Barbero de First Capital Group destac\u00f3 que es \u201cel segundo mes consecutivo de alza real y la creciente oferta de ventas en cuotas\u201d.<\/p>\n\n\n\n<p class=\"wp-block-paragraph\">Barbero remarc\u00f3 que \u201ccada vez m\u00e1s comercios se suman a la oferta de venta en cuotas con o sin intereses a trav\u00e9s del programa Cuota Simple o con financiamiento privado\u201d.<\/p>\n\n\n\n<p class=\"wp-block-paragraph\">A\u00f1adi\u00f3 que \u201ctambi\u00e9n se observa la reaparici\u00f3n de planes con hasta 12 cuotas. Todas estas son acciones comerciales y financieras que favorecen la recuperaci\u00f3n de las carteras de cr\u00e9ditos\u201d<\/p>\n\n\n\n<p class=\"wp-block-paragraph\">El informe de la consultora precis\u00f3 que el consumo en d\u00f3lares con tarjetas de cr\u00e9dito registr\u00f3 una suba interanual del 65,1% aunque con un comportamiento mensual irregular alternando alzas y bajas.<\/p>\n\n\n\n<p class=\"wp-block-paragraph\">\u201cEn mayo hubo una suba del 10,2% respecto al mes anterior. El total asciend\u00f3 a US$ 464 millones. Los saldos de cartera se est\u00e1n acercando a los existentes previo a la pandemia, lo cual indica una normalizaci\u00f3n de la operatoria\u201d, explic\u00f3 Barbero.<\/p>\n","protected":false},"excerpt":{"rendered":"<p>Las transacciones<\/p>\n","protected":false},"author":1,"featured_media":52861,"comment_status":"closed","ping_status":"closed","sticky":false,"template":"","format":"standard","meta":{"footnotes":""},"categories":[10,4],"tags":[59],"class_list":["post-52860","post","type-post","status-publish","format-standard","has-post-thumbnail","hentry","category-mas-noticias","category-nacionales","tag-nacionales"],"_links":{"self":[{"href":"https:\/\/panoramadelsur.com.ar\/index.php?rest_route=\/wp\/v2\/posts\/52860","targetHints":{"allow":["GET"]}}],"collection":[{"href":"https:\/\/panoramadelsur.com.ar\/index.php?rest_route=\/wp\/v2\/posts"}],"about":[{"href":"https:\/\/panoramadelsur.com.ar\/index.php?rest_route=\/wp\/v2\/types\/post"}],"author":[{"embeddable":true,"href":"https:\/\/panoramadelsur.com.ar\/index.php?rest_route=\/wp\/v2\/users\/1"}],"replies":[{"embeddable":true,"href":"https:\/\/panoramadelsur.com.ar\/index.php?rest_route=%2Fwp%2Fv2%2Fcomments&post=52860"}],"version-history":[{"count":1,"href":"https:\/\/panoramadelsur.com.ar\/index.php?rest_route=\/wp\/v2\/posts\/52860\/revisions"}],"predecessor-version":[{"id":52862,"href":"https:\/\/panoramadelsur.com.ar\/index.php?rest_route=\/wp\/v2\/posts\/52860\/revisions\/52862"}],"wp:featuredmedia":[{"embeddable":true,"href":"https:\/\/panoramadelsur.com.ar\/index.php?rest_route=\/wp\/v2\/media\/52861"}],"wp:attachment":[{"href":"https:\/\/panoramadelsur.com.ar\/index.php?rest_route=%2Fwp%2Fv2%2Fmedia&parent=52860"}],"wp:term":[{"taxonomy":"category","embeddable":true,"href":"https:\/\/panoramadelsur.com.ar\/index.php?rest_route=%2Fwp%2Fv2%2Fcategories&post=52860"},{"taxonomy":"post_tag","embeddable":true,"href":"https:\/\/panoramadelsur.com.ar\/index.php?rest_route=%2Fwp%2Fv2%2Ftags&post=52860"}],"curies":[{"name":"wp","href":"https:\/\/api.w.org\/{rel}","templated":true}]}}