{"id":52872,"date":"2024-06-07T01:01:00","date_gmt":"2024-06-07T04:01:00","guid":{"rendered":"https:\/\/panoramadelsur.com.ar\/?p=52872"},"modified":"2024-06-06T22:10:57","modified_gmt":"2024-06-07T01:10:57","slug":"los-senadores-de-union-por-la-patria-formalizaron-el-pedido-de-sesion-especial-por-interpelacion-a-pettovello","status":"publish","type":"post","link":"https:\/\/panoramadelsur.com.ar\/?p=52872","title":{"rendered":"LOS SENADORES DE UNI\u00d3N POR LA PATRIA FORMALIZARON EL PEDIDO DE SESI\u00d3N ESPECIAL POR INTERPELACI\u00d3N A PETTOVELLO"},"content":{"rendered":"\n<p>Los\u00a0senadores de Uni\u00f3n por la Patria (UxP)\u00a0formalizaron ayer el pedido de una sesi\u00f3n especial para tratar el proyecto de interpelaci\u00f3n a la ministra de Capital Humano,\u00a0Sandra Pettovello, por el conflicto que se desat\u00f3 a ra\u00edz de la retenci\u00f3n de alimentos destinados a comedores populares.\u00a0<\/p>\n\n\n\n<p>El interbloque del peronismo en la C\u00e1mara Alta espera que el proyecto\u00a0sea tratado el pr\u00f3ximo mi\u00e9rcoles desde las 11. La iniciativa tiene como finalidad que la funcionaria brinde \u201cexplicaciones\u201d por los hechos relacionados con la asistencia alimentaria.<\/p>\n\n\n\n<p>\u201cTenemos el agrado de dirigimos a usted, en los t\u00e9rminos del art\u00edculo 19 del Reglamento de este H. Senado, a efectos de solicitarle tenga a bien convocar a una sesi\u00f3n especial, a celebrarse el 12 de junio del corriente a\u00f1o, a las 11 horas, con el objeto de considerar el Proyecto de Resoluci\u00f3n, que tramita bajo el expediente S-994\/24, citando para su interpelaci\u00f3n a la Ministra de Capital Humano de la Naci\u00f3n\u201d, expresaron desde UP en la solicitud que ingres\u00f3 este jueves por Mesa de Entradas del Senado.&nbsp;<\/p>\n\n\n\n<p>La nota dirigida a la vicepresidenta Victoria Villarruel lleva las firmas de los legisladores\u00a0Jos\u00e9 Mayans, Antonio Rodas, Juliana Di Tulio, Anabel Fern\u00e1ndez Sagasti\u00a0y\u00a0Mar\u00eda Teresa Margarita Gonz\u00e1lez.\u00a0<\/p>\n\n\n\n<p>En tanto, la comisi\u00f3n de\u00a0Acci\u00f3n Social y Salud P\u00fablica\u00a0de la\u00a0C\u00e1mara de Diputados\u00a0hab\u00eda pedido ayer la\u00a0presencia de Pettovello,\u00a0a fin de que proporcione respuestas respecto del esc\u00e1ndalo tras la denuncia por el hallazgo de toneladas de alimentos en galpones del Estado nacional sin distribuir.<\/p>\n\n\n\n<p>\u00abLa convocamos para el martes que viene a las 13.30\u00a0para que si ella puede, que venga y pueda contestar las preguntas de los diputados y diputadas de su \u00e1rea que tenemos en este caso\u201d, indic\u00f3 el presidente de la comisi\u00f3n,\u00a0Pablo Yedlin.<\/p>\n\n\n\n<p>\u201cSi ella no puede por motivos de agenda yo les comentar\u00e9 qu\u00e9 d\u00eda de junio podr\u00eda acercarse\u201d, aclar\u00f3 el tucumano.<\/p>\n\n\n\n<p>El pedido de citaci\u00f3n a la ministra de Capital Humano en la C\u00e1mara Baja es impulsado por un amplio espectro de la oposici\u00f3n, incluyendo a Uni\u00f3n por la Patria, la UCR y un sector de Hacemos Coalici\u00f3n Federal.<\/p>\n\n\n\n<p>La convocatoria a la funcionaria nacional fue firmada por el titular de la comisi\u00f3n, la vicepresidenta de la C\u00e1mara baja, Cecilia Moreau, M\u00f3nica Fein, Daniel Goll\u00e1n; Eugenia Alianiello, Juan Marino, Luana Volnovich, Estela Neder, Carlos Fern\u00e1ndez, Blanca Osuna, Jorge Araujo Hernandez, Natalia Sarapura, Carla Carrizo, Pablo Juliano, Gabriela Est\u00e9vez, Juan Marino, Mar\u00eda Luisa Montoto y M\u00f3nica Macha.<\/p>\n","protected":false},"excerpt":{"rendered":"<p>Los\u00a0senadores de<\/p>\n","protected":false},"author":1,"featured_media":52873,"comment_status":"closed","ping_status":"closed","sticky":false,"template":"","format":"standard","meta":{"footnotes":""},"categories":[4,8],"tags":[59],"class_list":["post-52872","post","type-post","status-publish","format-standard","has-post-thumbnail","hentry","category-nacionales","category-para-agendar","tag-nacionales"],"_links":{"self":[{"href":"https:\/\/panoramadelsur.com.ar\/index.php?rest_route=\/wp\/v2\/posts\/52872","targetHints":{"allow":["GET"]}}],"collection":[{"href":"https:\/\/panoramadelsur.com.ar\/index.php?rest_route=\/wp\/v2\/posts"}],"about":[{"href":"https:\/\/panoramadelsur.com.ar\/index.php?rest_route=\/wp\/v2\/types\/post"}],"author":[{"embeddable":true,"href":"https:\/\/panoramadelsur.com.ar\/index.php?rest_route=\/wp\/v2\/users\/1"}],"replies":[{"embeddable":true,"href":"https:\/\/panoramadelsur.com.ar\/index.php?rest_route=%2Fwp%2Fv2%2Fcomments&post=52872"}],"version-history":[{"count":1,"href":"https:\/\/panoramadelsur.com.ar\/index.php?rest_route=\/wp\/v2\/posts\/52872\/revisions"}],"predecessor-version":[{"id":52874,"href":"https:\/\/panoramadelsur.com.ar\/index.php?rest_route=\/wp\/v2\/posts\/52872\/revisions\/52874"}],"wp:featuredmedia":[{"embeddable":true,"href":"https:\/\/panoramadelsur.com.ar\/index.php?rest_route=\/wp\/v2\/media\/52873"}],"wp:attachment":[{"href":"https:\/\/panoramadelsur.com.ar\/index.php?rest_route=%2Fwp%2Fv2%2Fmedia&parent=52872"}],"wp:term":[{"taxonomy":"category","embeddable":true,"href":"https:\/\/panoramadelsur.com.ar\/index.php?rest_route=%2Fwp%2Fv2%2Fcategories&post=52872"},{"taxonomy":"post_tag","embeddable":true,"href":"https:\/\/panoramadelsur.com.ar\/index.php?rest_route=%2Fwp%2Fv2%2Ftags&post=52872"}],"curies":[{"name":"wp","href":"https:\/\/api.w.org\/{rel}","templated":true}]}}