{"id":52893,"date":"2024-06-13T01:06:00","date_gmt":"2024-06-13T04:06:00","guid":{"rendered":"https:\/\/panoramadelsur.com.ar\/?p=52893"},"modified":"2024-06-06T22:50:13","modified_gmt":"2024-06-07T01:50:13","slug":"llega-la-maraton-san-juan-bautista-2024","status":"publish","type":"post","link":"https:\/\/panoramadelsur.com.ar\/?p=52893","title":{"rendered":"LLEGA LA MARAT\u00d3N SAN JUAN BAUTISTA 2024"},"content":{"rendered":"\n<p>Est\u00e1 todo listo para que atletas brillen en la 21\u00ba edici\u00f3n de la tradicional prueba organizada por la Comuna el domingo 30 de junio a partir de las 10 hs.<\/p>\n\n\n\n<p>En una entrevista con la Radio Municipal, el subsecretario de Deportes y Recreaci\u00f3n, Adri\u00e1n Renzini, remarca \u00ablas m\u00e1s de 700 personas inscriptas en poco tiempo\u00bb. Estima \u00absuperar la cifra alcanzada en la Marat\u00f3n Nocturna con alrededor de 5.000 participantes\u00bb.<\/p>\n\n\n\n<p>Asimismo, el funcionario se\u00f1ala que la carrera \u00absuma cada vez m\u00e1s corredores y corredoras no s\u00f3lo de nuestro distrito sino tambi\u00e9n de otros partidos\u00bb. \u00abVienen de toda la provincia: un reconocimiento a la organizaci\u00f3n con la que trabajamos\u00bb, agrega.<\/p>\n\n\n\n<p>El certamen cuenta con dos modalidades sin categor\u00edas: 8 km. competitiva o 3 km. participativa. Ser\u00e1n premiados quienes ocupen las cinco primeras ubicaciones de la general damas y caballeros. Luego, obtendr\u00e1n medallas hasta el puesto 1.500.<\/p>\n\n\n\n<p>Las y los interesados, podr\u00e1n preinscribirse de manera gratuita hasta el jueves 27 de junio en www.varela.gov.ar\/maraton. La matriculaci\u00f3n ser\u00e1 ratificada la misma fecha del evento de 7.30 a 9.15 hs. en la Escuela Primaria N\u00b01, situada en calle Chacabuco entre Av. San Mart\u00edn y 25 de Mayo.<\/p>\n\n\n\n<p>Ante inclemencias meteorol\u00f3gicas, prev\u00e9n la postergaci\u00f3n de la actividad para el 7 de julio.<\/p>\n","protected":false},"excerpt":{"rendered":"<p>Est\u00e1 todo<\/p>\n","protected":false},"author":1,"featured_media":52894,"comment_status":"closed","ping_status":"closed","sticky":false,"template":"","format":"standard","meta":{"footnotes":""},"categories":[6],"tags":[],"class_list":["post-52893","post","type-post","status-publish","format-standard","has-post-thumbnail","hentry","category-deportes"],"_links":{"self":[{"href":"https:\/\/panoramadelsur.com.ar\/index.php?rest_route=\/wp\/v2\/posts\/52893","targetHints":{"allow":["GET"]}}],"collection":[{"href":"https:\/\/panoramadelsur.com.ar\/index.php?rest_route=\/wp\/v2\/posts"}],"about":[{"href":"https:\/\/panoramadelsur.com.ar\/index.php?rest_route=\/wp\/v2\/types\/post"}],"author":[{"embeddable":true,"href":"https:\/\/panoramadelsur.com.ar\/index.php?rest_route=\/wp\/v2\/users\/1"}],"replies":[{"embeddable":true,"href":"https:\/\/panoramadelsur.com.ar\/index.php?rest_route=%2Fwp%2Fv2%2Fcomments&post=52893"}],"version-history":[{"count":1,"href":"https:\/\/panoramadelsur.com.ar\/index.php?rest_route=\/wp\/v2\/posts\/52893\/revisions"}],"predecessor-version":[{"id":52895,"href":"https:\/\/panoramadelsur.com.ar\/index.php?rest_route=\/wp\/v2\/posts\/52893\/revisions\/52895"}],"wp:featuredmedia":[{"embeddable":true,"href":"https:\/\/panoramadelsur.com.ar\/index.php?rest_route=\/wp\/v2\/media\/52894"}],"wp:attachment":[{"href":"https:\/\/panoramadelsur.com.ar\/index.php?rest_route=%2Fwp%2Fv2%2Fmedia&parent=52893"}],"wp:term":[{"taxonomy":"category","embeddable":true,"href":"https:\/\/panoramadelsur.com.ar\/index.php?rest_route=%2Fwp%2Fv2%2Fcategories&post=52893"},{"taxonomy":"post_tag","embeddable":true,"href":"https:\/\/panoramadelsur.com.ar\/index.php?rest_route=%2Fwp%2Fv2%2Ftags&post=52893"}],"curies":[{"name":"wp","href":"https:\/\/api.w.org\/{rel}","templated":true}]}}