{"id":52914,"date":"2024-06-10T01:01:00","date_gmt":"2024-06-10T04:01:00","guid":{"rendered":"https:\/\/panoramadelsur.com.ar\/?p=52914"},"modified":"2024-06-10T19:18:07","modified_gmt":"2024-06-10T22:18:07","slug":"condenaron-a-juan-darthes-a-seis-anos-de-prision-con-regimen-semiabierto","status":"publish","type":"post","link":"https:\/\/panoramadelsur.com.ar\/?p=52914","title":{"rendered":"CONDENARON A JUAN DARTH\u00c9S A SEIS A\u00d1OS DE PRISI\u00d3N CON R\u00c9GIMEN SEMIABIERTO"},"content":{"rendered":"\n<p>El actor Juan Darth\u00e9s fue condenado hoy a seis a\u00f1os prisi\u00f3n en Brasil en el caso de violaci\u00f3n denunciado por su colega Thelma Fardin.<\/p>\n\n\n\n<p>Los jueces anunciaron en una audiencia virtual que revocaron la absoluci\u00f3n en primera instancia y dictaron la pena por el delito de abuso sexual con acceso carnal.<\/p>\n\n\n\n<p>Ser\u00e1 en r\u00e9gimen abierto, es decir, podr\u00e1 trabajar pero debe volver a dormir a la c\u00e1rcel todas las noches, informaron allegados a la actriz.<\/p>\n\n\n\n<p>Darth\u00e9s fue denunciado en diciembre de 2018 por Fardin, quien afirm\u00f3 que fue violada en Nicaragua durante una gira de la tira juvenil Patito Feo, cuando era menor de edad. En ese momento, Darth\u00e9s ten\u00eda 45 a\u00f1os y la v\u00edctima 16.<\/p>\n\n\n\n<p>El actor de Dulce amor y Los ricos no piden permiso, que siempre asegur\u00f3 ser inocente, viaj\u00f3 a Brasil, de donde es oriundo, y el juicio continu\u00f3 en ese pa\u00eds.<\/p>\n\n\n\n<p>La actriz dar\u00e1 una conferencia de prensa a las 17.30 en la sede de Amnist\u00eda Internacional, situada en la calle Santos Dumont 3429, en el barrio porte\u00f1o de Colegiales.<\/p>\n\n\n\n<p>Estar\u00e1 acompa\u00f1ada por la directora adjunta de Amnist\u00eda Internacional Argentina, Paola Garc\u00eda Rey, su abogada Carla Junqueira y Mart\u00edn Arias Duval, abogado ante la justicia argentina.<\/p>\n\n\n\n<p>\u00abAmnist\u00eda Internacional reconoce que esta decisi\u00f3n es un paso firme en la construcci\u00f3n de una justicia que condena la violencia sexual hacia las infancias y la violencia de g\u00e9nero, y, con ello, env\u00eda un mensaje a las ni\u00f1as y mujeres de Argentina y de Latinoam\u00e9rica, de que pueden confiar en el sistema de administraci\u00f3n de justicia y animarse a denunciar\u00bb, se\u00f1alaron desde la organizaci\u00f3n.<\/p>\n","protected":false},"excerpt":{"rendered":"<p>El actor<\/p>\n","protected":false},"author":1,"featured_media":52915,"comment_status":"closed","ping_status":"closed","sticky":false,"template":"","format":"standard","meta":{"footnotes":""},"categories":[10,4],"tags":[],"class_list":["post-52914","post","type-post","status-publish","format-standard","has-post-thumbnail","hentry","category-mas-noticias","category-nacionales"],"_links":{"self":[{"href":"https:\/\/panoramadelsur.com.ar\/index.php?rest_route=\/wp\/v2\/posts\/52914","targetHints":{"allow":["GET"]}}],"collection":[{"href":"https:\/\/panoramadelsur.com.ar\/index.php?rest_route=\/wp\/v2\/posts"}],"about":[{"href":"https:\/\/panoramadelsur.com.ar\/index.php?rest_route=\/wp\/v2\/types\/post"}],"author":[{"embeddable":true,"href":"https:\/\/panoramadelsur.com.ar\/index.php?rest_route=\/wp\/v2\/users\/1"}],"replies":[{"embeddable":true,"href":"https:\/\/panoramadelsur.com.ar\/index.php?rest_route=%2Fwp%2Fv2%2Fcomments&post=52914"}],"version-history":[{"count":1,"href":"https:\/\/panoramadelsur.com.ar\/index.php?rest_route=\/wp\/v2\/posts\/52914\/revisions"}],"predecessor-version":[{"id":52916,"href":"https:\/\/panoramadelsur.com.ar\/index.php?rest_route=\/wp\/v2\/posts\/52914\/revisions\/52916"}],"wp:featuredmedia":[{"embeddable":true,"href":"https:\/\/panoramadelsur.com.ar\/index.php?rest_route=\/wp\/v2\/media\/52915"}],"wp:attachment":[{"href":"https:\/\/panoramadelsur.com.ar\/index.php?rest_route=%2Fwp%2Fv2%2Fmedia&parent=52914"}],"wp:term":[{"taxonomy":"category","embeddable":true,"href":"https:\/\/panoramadelsur.com.ar\/index.php?rest_route=%2Fwp%2Fv2%2Fcategories&post=52914"},{"taxonomy":"post_tag","embeddable":true,"href":"https:\/\/panoramadelsur.com.ar\/index.php?rest_route=%2Fwp%2Fv2%2Ftags&post=52914"}],"curies":[{"name":"wp","href":"https:\/\/api.w.org\/{rel}","templated":true}]}}