{"id":52917,"date":"2024-06-11T01:02:00","date_gmt":"2024-06-11T04:02:00","guid":{"rendered":"https:\/\/panoramadelsur.com.ar\/?p=52917"},"modified":"2024-06-10T19:20:21","modified_gmt":"2024-06-10T22:20:21","slug":"inmobiliario-urbano-bonaerense-este-martes-vence-el-plazo-para-abonar-la-tercera-cuota","status":"publish","type":"post","link":"https:\/\/panoramadelsur.com.ar\/?p=52917","title":{"rendered":"INMOBILIARIO URBANO BONAERENSE: ESTE MARTES VENCE EL PLAZO PARA ABONAR LA TERCERA CUOTA"},"content":{"rendered":"\n<p>El plazo para abonar la tercera cuota del Impuesto Inmobiliario Urbano de la provincia de Buenos Aires, que finalmente no se actualizar\u00e1 por inflaci\u00f3n, vence este martes 11 de junio y comprende tanto a las propiedades edificadas como a las bald\u00edas.<\/p>\n\n\n\n<p>De esta manera, los contribuyentes bonaerenses tienen por delante las \u00faltimas horas para cumplir con el pago del tributo, que al igual que lo dispuesto para el Inmobiliario Rural y el Impuesto Automotor no cuenta con el ajuste previsto por la variaci\u00f3n de precios de los \u00faltimos meses.<\/p>\n\n\n\n<p>La decisi\u00f3n hab\u00eda ido comunicada a mediados de mayo por el director ejecutivo de la Agencia de Recaudaci\u00f3n de la Provincia de Buenos Aires (ARBA), Cristian Girard, al expresar que \u201cpor instrucci\u00f3n del gobernador Axel Kicillof, desde el gobierno de la provincia de Buenos Aires tomamos la decisi\u00f3n de no actualizar la cuota 3 del impuesto Inmobiliario Urbano, que vencer\u00e1 el 11 de junio, en virtud del contexto econ\u00f3mico tan complejo\u201d.<\/p>\n\n\n\n<p>Desde el ente recaudador detallaron que \u201centre las m\u00faltiples opciones de pago, se destaca la posibilidad de utilizar la aplicaci\u00f3n Cuenta DNI\u201d, explicando que \u201clas y los contribuyentes pueden ingresar en el bot\u00f3n \u201cARBA\u201d de la app y cargar los datos correspondientes al n\u00famero de partida inmobiliaria\u201d y aclarando que \u201cesta funcionalidad permite abonar la tercera cuota y, tambi\u00e9n, adelantar las restantes del a\u00f1o\u201d.<\/p>\n\n\n\n<p>Asimismo, aquellos que est\u00e9n suscritos a la boleta electr\u00f3nica pueden realizar el pago utilizando esta billetera virtual del Banco Provincia mediante c\u00f3digo QR. En este caso, \u201clas y los contribuyentes recibir\u00e1n el c\u00f3digo por correo electr\u00f3nico y podr\u00e1n escanearlo para efectuar el pago hasta la fecha de vencimiento\u201d.<\/p>\n\n\n\n<p>Adem\u00e1s, hay otras modalidades de pago digital disponibles, permitiendo abonar desde el sitio web oficial con tarjeta de cr\u00e9dito, a trav\u00e9s de homebanking o mediante cajero autom\u00e1tico, obteniendo previamente el c\u00f3digo de pago electr\u00f3nico.<\/p>\n\n\n\n<p>En tanto que desde ARBA indicaron que \u201cpara quienes prefieran utilizar la atenci\u00f3n presencial, est\u00e1n disponibles las entidades bancarias habilitadas y los puntos de pago autorizados por la empresa Provincia Net Pagos\u201d<\/p>\n\n\n\n<p>Este a\u00f1o, la Agencia facilita la opci\u00f3n de abonar anticipadamente todas las cuotas restantes del actual calendario, permitiendo as\u00ed cancelar el saldo anual del 2024 en un solo pago.<\/p>\n\n\n\n<h2 class=\"wp-block-heading\">Bonificaciones para el 2024<\/h2>\n\n\n\n<p>Los contribuyentes pueden acceder a una bonificaci\u00f3n de hasta el 10% de descuento por adherirse por primera vez a la Boleta por Mail. La suscripci\u00f3n a este servicio se realiza a trav\u00e9s de la p\u00e1gina web de ARBA y se habilita en un plazo de 48 horas luego de completar el tr\u00e1mite.<\/p>\n\n\n\n<p>Del mismo modo, quienes se adhieran al sistema de D\u00e9bito Autom\u00e1tico por primera vez, ya sea en cuenta bancaria o tarjeta de cr\u00e9dito, obtendr\u00e1n el mismo beneficio.<\/p>\n","protected":false},"excerpt":{"rendered":"<p>El plazo<\/p>\n","protected":false},"author":1,"featured_media":52918,"comment_status":"closed","ping_status":"closed","sticky":false,"template":"","format":"standard","meta":{"footnotes":""},"categories":[8,5],"tags":[28,27],"class_list":["post-52917","post","type-post","status-publish","format-standard","has-post-thumbnail","hentry","category-para-agendar","category-provincia","tag-gba","tag-provincia"],"_links":{"self":[{"href":"https:\/\/panoramadelsur.com.ar\/index.php?rest_route=\/wp\/v2\/posts\/52917","targetHints":{"allow":["GET"]}}],"collection":[{"href":"https:\/\/panoramadelsur.com.ar\/index.php?rest_route=\/wp\/v2\/posts"}],"about":[{"href":"https:\/\/panoramadelsur.com.ar\/index.php?rest_route=\/wp\/v2\/types\/post"}],"author":[{"embeddable":true,"href":"https:\/\/panoramadelsur.com.ar\/index.php?rest_route=\/wp\/v2\/users\/1"}],"replies":[{"embeddable":true,"href":"https:\/\/panoramadelsur.com.ar\/index.php?rest_route=%2Fwp%2Fv2%2Fcomments&post=52917"}],"version-history":[{"count":1,"href":"https:\/\/panoramadelsur.com.ar\/index.php?rest_route=\/wp\/v2\/posts\/52917\/revisions"}],"predecessor-version":[{"id":52919,"href":"https:\/\/panoramadelsur.com.ar\/index.php?rest_route=\/wp\/v2\/posts\/52917\/revisions\/52919"}],"wp:featuredmedia":[{"embeddable":true,"href":"https:\/\/panoramadelsur.com.ar\/index.php?rest_route=\/wp\/v2\/media\/52918"}],"wp:attachment":[{"href":"https:\/\/panoramadelsur.com.ar\/index.php?rest_route=%2Fwp%2Fv2%2Fmedia&parent=52917"}],"wp:term":[{"taxonomy":"category","embeddable":true,"href":"https:\/\/panoramadelsur.com.ar\/index.php?rest_route=%2Fwp%2Fv2%2Fcategories&post=52917"},{"taxonomy":"post_tag","embeddable":true,"href":"https:\/\/panoramadelsur.com.ar\/index.php?rest_route=%2Fwp%2Fv2%2Ftags&post=52917"}],"curies":[{"name":"wp","href":"https:\/\/api.w.org\/{rel}","templated":true}]}}