{"id":52920,"date":"2024-06-10T01:01:00","date_gmt":"2024-06-10T04:01:00","guid":{"rendered":"https:\/\/panoramadelsur.com.ar\/?p=52920"},"modified":"2024-06-10T19:29:32","modified_gmt":"2024-06-10T22:29:32","slug":"el-gobierno-derogara-este-martes-la-medida-que-prohibia-a-las-aseguradoras-brindar-el-servicio-de-gruas","status":"publish","type":"post","link":"https:\/\/panoramadelsur.com.ar\/?p=52920","title":{"rendered":"EL GOBIERNO DEROGAR\u00c1 ESTE MARTES LA MEDIDA QUE PROHIB\u00cdA A LAS ASEGURADORAS BRINDAR EL SERVICIO DE GR\u00daAS"},"content":{"rendered":"\n<p>El Gobierno publicar\u00e1 este martes la oficializaci\u00f3n de la marcha atr\u00e1s con la medida que iba a prohibir a las aseguradoras brindar el servicio de gr\u00faa y remolque a sus asociados a partir del pr\u00f3ximo mes.<\/p>\n\n\n\n<p>De esta manera, la decisi\u00f3n no llegar\u00e1 a entrar en vigencia y desde ma\u00f1ana quedar\u00e1 sin efecto el documento que la reglament\u00f3, con la publicaci\u00f3n de la resoluci\u00f3n 269\/2024 en el Bolet\u00edn Oficial, de acuerdo a lo informado por la Superintendencia de Seguros de la Naci\u00f3n (SSN) a Noticias Argentinas.<\/p>\n\n\n\n<p>La medida hab\u00eda generado controversia y ten\u00eda varios pedidos de informes de distintos sectores. Incluso, el vocero presidencial, Manuel Adorni, hab\u00eda confirmado que no se revertir\u00eda la decisi\u00f3n de modificar el servicio de gr\u00faas ofrecido por las compa\u00f1\u00edas aseguradoras en todo el pa\u00eds.<\/p>\n\n\n\n<p>Sin embargo, ahora el Gobierno confirma que la normativa que deb\u00eda entrar en vigor el 1 de julio y que hab\u00eda sido anunciada a finales de abril, no entrar\u00e1 en rigor, por lo que seguir\u00e1 la obligaci\u00f3n de las aseguradoras de incluir servicios de gr\u00faa y asistencia mec\u00e1nica en sus p\u00f3lizas de autos.<\/p>\n\n\n\n<p>La Resoluci\u00f3n 217\/2024, publicada en el Bolet\u00edn Oficial, hab\u00eda planteado el objetivo de desregular el sector, \u201cproteger al ciudadano\u201d y aumentar la competencia. Algunas compa\u00f1\u00edas de seguros ya hab\u00edan empezado a enviar a sus clientes cartas con la notificaci\u00f3n de este cambio en el servicio prestado.<\/p>\n\n\n\n<p>Desde el organismo encabezado por Guillermo Plate, precisaron que \u00abse firm\u00f3 una resoluci\u00f3n que deroga la anterior, por lo que vuelve a estar el servicio de remolque y gr\u00faas en los mismos t\u00e9rminos que estaba antes\u00bb.<\/p>\n\n\n\n<p>La modificaci\u00f3n, de haber seguido adelante, implicaba adem\u00e1s que las aseguradoras ya no estuvieran obligadas a cubrir los \u201cdesperfectos o problemas mec\u00e1nicos, de bater\u00eda, de arranque, el\u00e9ctricos, pinchaduras, cortaduras y\/o reventones de las c\u00e1maras o cubiertas o falta de combustible\u201d. Solo tendr\u00edan la obligaci\u00f3n de cubrir los costos de gr\u00faa y auxilio mec\u00e1nico en los casos de \u201caccidente, incendio y robo y\/o hurto\u201d.<\/p>\n\n\n\n<p>A ra\u00edz de esta medida impuesta por la SSN, la Asociaci\u00f3n de Consumidores y Usuarios de la Argentina (ACUDA) hab\u00eda decidido el pasado el 28 de mayo, una acci\u00f3n colectiva en defensa de los derechos de los consumidores.<\/p>\n\n\n\n<p>Buscaban obtener la nulidad del art\u00edculo 2\u00b0 de la Resoluci\u00f3n, que impon\u00eda \u201cmodificaciones que afectan directamente las condiciones del servicio de remolques, privando a los consumidores de un beneficio que previamente estaba incluido en sus p\u00f3lizas de seguro\u201d.<\/p>\n","protected":false},"excerpt":{"rendered":"<p>El Gobierno<\/p>\n","protected":false},"author":1,"featured_media":52921,"comment_status":"closed","ping_status":"closed","sticky":false,"template":"","format":"standard","meta":{"footnotes":""},"categories":[4,8],"tags":[],"class_list":["post-52920","post","type-post","status-publish","format-standard","has-post-thumbnail","hentry","category-nacionales","category-para-agendar"],"_links":{"self":[{"href":"https:\/\/panoramadelsur.com.ar\/index.php?rest_route=\/wp\/v2\/posts\/52920","targetHints":{"allow":["GET"]}}],"collection":[{"href":"https:\/\/panoramadelsur.com.ar\/index.php?rest_route=\/wp\/v2\/posts"}],"about":[{"href":"https:\/\/panoramadelsur.com.ar\/index.php?rest_route=\/wp\/v2\/types\/post"}],"author":[{"embeddable":true,"href":"https:\/\/panoramadelsur.com.ar\/index.php?rest_route=\/wp\/v2\/users\/1"}],"replies":[{"embeddable":true,"href":"https:\/\/panoramadelsur.com.ar\/index.php?rest_route=%2Fwp%2Fv2%2Fcomments&post=52920"}],"version-history":[{"count":1,"href":"https:\/\/panoramadelsur.com.ar\/index.php?rest_route=\/wp\/v2\/posts\/52920\/revisions"}],"predecessor-version":[{"id":52922,"href":"https:\/\/panoramadelsur.com.ar\/index.php?rest_route=\/wp\/v2\/posts\/52920\/revisions\/52922"}],"wp:featuredmedia":[{"embeddable":true,"href":"https:\/\/panoramadelsur.com.ar\/index.php?rest_route=\/wp\/v2\/media\/52921"}],"wp:attachment":[{"href":"https:\/\/panoramadelsur.com.ar\/index.php?rest_route=%2Fwp%2Fv2%2Fmedia&parent=52920"}],"wp:term":[{"taxonomy":"category","embeddable":true,"href":"https:\/\/panoramadelsur.com.ar\/index.php?rest_route=%2Fwp%2Fv2%2Fcategories&post=52920"},{"taxonomy":"post_tag","embeddable":true,"href":"https:\/\/panoramadelsur.com.ar\/index.php?rest_route=%2Fwp%2Fv2%2Ftags&post=52920"}],"curies":[{"name":"wp","href":"https:\/\/api.w.org\/{rel}","templated":true}]}}