{"id":52929,"date":"2024-06-10T19:39:00","date_gmt":"2024-06-10T22:39:00","guid":{"rendered":"https:\/\/panoramadelsur.com.ar\/?p=52929"},"modified":"2024-06-10T19:42:53","modified_gmt":"2024-06-10T22:42:53","slug":"mayra-les-entrego-la-personeria-juridica-a-3-asociaciones-civiles-del-distrito","status":"publish","type":"post","link":"https:\/\/panoramadelsur.com.ar\/?p=52929","title":{"rendered":"MAYRA LES ENTREG\u00d3 LA PERSONER\u00cdA JUR\u00cdDICA A 3 ASOCIACIONES CIVILES DEL DISTRITO"},"content":{"rendered":"\n<p>La intendenta de Quilmes, Mayra Mendoza, encabez\u00f3 este lunes la entrega de la personer\u00eda jur\u00eddica a 3 asociaciones civiles del distrito, lo cual les permitir\u00e1 normalizar su situaci\u00f3n legal, en un acto que se desarroll\u00f3 en la Casa de las Culturas, ubicada en Rivadavia y Sarmiento, del centro de la ciudad.<\/p>\n\n\n\n<p>\u201cRegularizamos la situaci\u00f3n de tres instituciones que se constituyeron desde el \u00e1rea de entidades locales ante la Direcci\u00f3n de Personas Jur\u00eddicas del Gobierno de la Provincia de Buenos Aires. Desde nuestro Municipio acompa\u00f1amos a estas asociaciones civiles que son fundamentales para el tejido social de nuestra ciudad, y vamos a seguir fortaleciendo el trabajo que hacen\u201d, destac\u00f3 Mayra.<\/p>\n\n\n\n<p>Durante la jornada, las asociaciones civiles Foto Club Quilmes, Impactados y Capit\u00e1n Esteban, recibieron folio de inscripci\u00f3n, el acta constitutiva, estatuto y recibieron como regalos los libros de actas y el registro de asociados.<\/p>\n\n\n\n<p>Por su parte, el subsecretario de Entidades de Bien P\u00fablico y Deportes, Nicol\u00e1s Mellino, se\u00f1al\u00f3: \u201cPara nosotros es muy importante este peque\u00f1o acto, porque nos permite tener un v\u00ednculo permanente y un contacto directo con nuestros vecinos y con las instituciones que son el nexo entre el Estado Municipal y el barrio\u201d.<\/p>\n\n\n\n<p>Fueron tambi\u00e9n parte de la actividad el secretario de Educaci\u00f3n, Culturas y Deportes, Joaqu\u00edn Desmery; la directora general de Entidades de Bien P\u00fabico, Martina Bonanata, y los presidentes de las asociaciones civiles Foto Club Quilmes, Capit\u00e1n Esteban e Impactados, Gustavo Moroz, Pablo Ins\u00faa y Miguel \u00c1ngel Azua, respectivamente, entre otras autoridades de las instituciones.<\/p>\n","protected":false},"excerpt":{"rendered":"<p>La intendenta<\/p>\n","protected":false},"author":1,"featured_media":52930,"comment_status":"closed","ping_status":"closed","sticky":false,"template":"","format":"standard","meta":{"footnotes":""},"categories":[2],"tags":[17],"class_list":["post-52929","post","type-post","status-publish","format-standard","has-post-thumbnail","hentry","category-quilmes","tag-quilmes"],"_links":{"self":[{"href":"https:\/\/panoramadelsur.com.ar\/index.php?rest_route=\/wp\/v2\/posts\/52929","targetHints":{"allow":["GET"]}}],"collection":[{"href":"https:\/\/panoramadelsur.com.ar\/index.php?rest_route=\/wp\/v2\/posts"}],"about":[{"href":"https:\/\/panoramadelsur.com.ar\/index.php?rest_route=\/wp\/v2\/types\/post"}],"author":[{"embeddable":true,"href":"https:\/\/panoramadelsur.com.ar\/index.php?rest_route=\/wp\/v2\/users\/1"}],"replies":[{"embeddable":true,"href":"https:\/\/panoramadelsur.com.ar\/index.php?rest_route=%2Fwp%2Fv2%2Fcomments&post=52929"}],"version-history":[{"count":1,"href":"https:\/\/panoramadelsur.com.ar\/index.php?rest_route=\/wp\/v2\/posts\/52929\/revisions"}],"predecessor-version":[{"id":52931,"href":"https:\/\/panoramadelsur.com.ar\/index.php?rest_route=\/wp\/v2\/posts\/52929\/revisions\/52931"}],"wp:featuredmedia":[{"embeddable":true,"href":"https:\/\/panoramadelsur.com.ar\/index.php?rest_route=\/wp\/v2\/media\/52930"}],"wp:attachment":[{"href":"https:\/\/panoramadelsur.com.ar\/index.php?rest_route=%2Fwp%2Fv2%2Fmedia&parent=52929"}],"wp:term":[{"taxonomy":"category","embeddable":true,"href":"https:\/\/panoramadelsur.com.ar\/index.php?rest_route=%2Fwp%2Fv2%2Fcategories&post=52929"},{"taxonomy":"post_tag","embeddable":true,"href":"https:\/\/panoramadelsur.com.ar\/index.php?rest_route=%2Fwp%2Fv2%2Ftags&post=52929"}],"curies":[{"name":"wp","href":"https:\/\/api.w.org\/{rel}","templated":true}]}}