{"id":52948,"date":"2024-06-11T01:10:00","date_gmt":"2024-06-11T04:10:00","guid":{"rendered":"https:\/\/panoramadelsur.com.ar\/?p=52948"},"modified":"2024-06-10T20:41:56","modified_gmt":"2024-06-10T23:41:56","slug":"miles-de-participantes-en-la-35o-prueba-atletica-10k-dia-del-vidriero","status":"publish","type":"post","link":"https:\/\/panoramadelsur.com.ar\/?p=52948","title":{"rendered":"MILES DE PARTICIPANTES EN LA 35\u00ba PRUEBA ATL\u00c9TICA 10K D\u00cdA DEL VIDRIERO"},"content":{"rendered":"\n<p>Con r\u00e9cord de corredores, se llev\u00f3 a cabo la 35\u00ba Prueba Atl\u00e9tica 10K D\u00eda del Vidriero \u00abSaverio Terminiello\u00bb, de la que participaron miles de atletas de todo el pa\u00eds y el extranjero. Este evento gratuito fue organizado, una vez m\u00e1s, por la Secretar\u00eda de Desarrollo Social y Comunitario, Recreaci\u00f3n, Turismo y Deportes de la Municipalidad. El intendente de Berazategui, Juan Jos\u00e9 Mussi, dio inicio a la prueba y recibi\u00f3 a los competidores en la l\u00ednea de meta.<\/p>\n\n\n\n<p>Los ganadores, en esta ocasi\u00f3n, fueron Enzo Fern\u00e1ndez (Col\u00f3n &#8211; Buenos Aires), en la categor\u00eda General Masculino, y Sof\u00eda G\u00f3mez (Flores &#8211; CABA), en la categor\u00eda General Femenino. A Fern\u00e1ndez lo siguieron Nahuel Di Leva (2\u00b0) y Ezequiel Aguilera (3\u00b0); y a G\u00f3mez, Fernanda Oropel (2\u00b0) y Laura Vedia (3\u00b0).<\/p>\n\n\n\n<p>Esta fue la 35\u00ba edici\u00f3n de la emblem\u00e1tica Prueba Atl\u00e9tica, que se corri\u00f3 por primera vez en 1988 y que fue declarada de inter\u00e9s municipal. Lleva el nombre \u00abSaverio Terminiello\u00bb en homenaje a su creador y principal impulsor, junto al intendente Mussi.<\/p>\n\n\n\n<p>Tras finalizar, las y los participantes se reunieron en el Centro Municipal de Actividades Roberto De Vicenzo, donde se entregaron los premios a los ganadores de cada categor\u00eda.<\/p>\n\n\n\n<p>Sobre el evento, el intendente Mussi expres\u00f3: \u201cEstoy muy feliz. Lo mejor es que, a\u00f1o tras a\u00f1o, esto va creciendo, a\u00fan en momentos dif\u00edciles\u201d. Y se\u00f1al\u00f3: \u201cMientras podamos, vamos a seguir con esta tradici\u00f3n de hacerlo gratuito, ya que da lugar a la participaci\u00f3n de una mayor cantidad de gente\u201d.<\/p>\n\n\n\n<p>Por su parte, Mar\u00eda Laura Lacava -secretaria de Desarrollo Social y Comunitario, Recreaci\u00f3n, Turismo y Deportes- resalt\u00f3: \u201cEsta carrera est\u00e1 en el coraz\u00f3n de los berazateguenses. La gente de otros lugares destaca que ac\u00e1 los tratamos como en ning\u00fan otro lado y que los vecinos los alientan y son muy c\u00e1lidos\u201d. Adem\u00e1s, subray\u00f3: \u201cHay much\u00edsimos atletas de nivel, que hacen que esta carrera trascienda las fronteras del pa\u00eds. Estamos muy orgullosos. El deporte es salud y es algo que Berazategui no va a dejar de hacer\u201d.<\/p>\n\n\n\n<p>La carrera cont\u00f3 con 10 categor\u00edas de caballeros y 10 para damas. Adem\u00e1s, hubo una para personas con discapacidad visual, motora e intelectual. Est\u00e1 rankeada como una de las mejores pruebas de calle del pa\u00eds, adem\u00e1s de destacar por ser gratuita.<\/p>\n\n\n\n<p>En este sentido, Enzo Fern\u00e1ndez -ganador de la categor\u00eda General Masculino- remarc\u00f3: \u201cLa carrera fue un fiest\u00f3n. Ve\u00eda a la gente, a los nenes y se me pon\u00eda la piel de gallina. Es muy importante que sea gratuita, ya que una inscripci\u00f3n puede llegar a valer hasta 25 mil pesos\u201d.<\/p>\n\n\n\n<p>Por su parte, Sof\u00eda G\u00f3mez, primera en la categor\u00eda General Femenino, indic\u00f3: \u201cEs la primera vez que vengo a Berazategui y me fue muy bien, estoy re contenta. Hab\u00eda mucha gente y salieron a alentarnos a la calle. Que la carrera sea gratuita es una linda posibilidad para todos los atletas, nos re beneficia\u201d.<\/p>\n","protected":false},"excerpt":{"rendered":"<p>Con r\u00e9cord<\/p>\n","protected":false},"author":1,"featured_media":52949,"comment_status":"closed","ping_status":"closed","sticky":false,"template":"","format":"standard","meta":{"footnotes":""},"categories":[3],"tags":[40],"class_list":["post-52948","post","type-post","status-publish","format-standard","has-post-thumbnail","hentry","category-regionales","tag-berazategui"],"_links":{"self":[{"href":"https:\/\/panoramadelsur.com.ar\/index.php?rest_route=\/wp\/v2\/posts\/52948","targetHints":{"allow":["GET"]}}],"collection":[{"href":"https:\/\/panoramadelsur.com.ar\/index.php?rest_route=\/wp\/v2\/posts"}],"about":[{"href":"https:\/\/panoramadelsur.com.ar\/index.php?rest_route=\/wp\/v2\/types\/post"}],"author":[{"embeddable":true,"href":"https:\/\/panoramadelsur.com.ar\/index.php?rest_route=\/wp\/v2\/users\/1"}],"replies":[{"embeddable":true,"href":"https:\/\/panoramadelsur.com.ar\/index.php?rest_route=%2Fwp%2Fv2%2Fcomments&post=52948"}],"version-history":[{"count":1,"href":"https:\/\/panoramadelsur.com.ar\/index.php?rest_route=\/wp\/v2\/posts\/52948\/revisions"}],"predecessor-version":[{"id":52950,"href":"https:\/\/panoramadelsur.com.ar\/index.php?rest_route=\/wp\/v2\/posts\/52948\/revisions\/52950"}],"wp:featuredmedia":[{"embeddable":true,"href":"https:\/\/panoramadelsur.com.ar\/index.php?rest_route=\/wp\/v2\/media\/52949"}],"wp:attachment":[{"href":"https:\/\/panoramadelsur.com.ar\/index.php?rest_route=%2Fwp%2Fv2%2Fmedia&parent=52948"}],"wp:term":[{"taxonomy":"category","embeddable":true,"href":"https:\/\/panoramadelsur.com.ar\/index.php?rest_route=%2Fwp%2Fv2%2Fcategories&post=52948"},{"taxonomy":"post_tag","embeddable":true,"href":"https:\/\/panoramadelsur.com.ar\/index.php?rest_route=%2Fwp%2Fv2%2Ftags&post=52948"}],"curies":[{"name":"wp","href":"https:\/\/api.w.org\/{rel}","templated":true}]}}