{"id":52971,"date":"2024-06-11T01:09:00","date_gmt":"2024-06-11T04:09:00","guid":{"rendered":"https:\/\/panoramadelsur.com.ar\/?p=52971"},"modified":"2024-06-10T21:25:38","modified_gmt":"2024-06-11T00:25:38","slug":"scaloni-dijo-que-tras-el-partido-ante-guatemala-dara-la-lista-para-la-copa-america","status":"publish","type":"post","link":"https:\/\/panoramadelsur.com.ar\/?p=52971","title":{"rendered":"SCALONI DIJO QUE TRAS EL PARTIDO ANTE GUATEMALA DAR\u00c1 LA LISTA PARA LA COPA AM\u00c9RICA"},"content":{"rendered":"\n<p>El entrenador Lionel Scaloni se\u00f1al\u00f3 que la lista de futbolistas que competir\u00e1n en la Copa Am\u00e9rica la dar\u00e1 a conocer \u00aben principio\u00bb tras el partido que la Selecci\u00f3n argentina jugar\u00e1 el pr\u00f3ximo viernes frente a Guatemala, mientras que dej\u00f3 entrever que \u00c1ngel Correa le sacar\u00eda ventaja a Valent\u00edn Carboni para meterse en la n\u00f3mina.<\/p>\n\n\n\n<p>\u00abEn principio, la lista la vamos a dar despu\u00e9s del partido. No tiene mucho sentido, ya que est\u00e1n los chicos ac\u00e1, dar el corte sin esperar a ese partido. La verdad que es un contratiempo para los chicos que van a quedar afuera, pero es lo que hay. Necesitamos que vengan porque hay otro partido y bueno, pueden pasar cosas y est\u00e1n con nosotros hasta el \u00faltimo d\u00eda. Esa es nuestra idea\u00bb, explic\u00f3.<\/p>\n\n\n\n<p>En tanto, al ser consultado por Correa, quien pelear\u00eda un lugar con Valent\u00edn Carboni, dijo: \u00abEst\u00e1 desde hace mucho con nosotros. No ha tenido la participaci\u00f3n que a lo mejor \u00e9l hubiera querido, pero es verdad que siempre ha estado en nuestra consideraci\u00f3n desde el primer momento en el que asumimos. Nos puede aportar en todo el ataque, nos puede dar muchas cosas. Es una de las cosas por las que ha venido y por los \u00faltimos dos o tres meses que ha tenido que fueron muy buenos. Aprovechar su momento siempre es importante. En una competici\u00f3n como esta, tener un jugador as\u00ed se agradece\u00bb.<\/p>\n\n\n\n<p>Al hablar sobre la victoria ante el equipo ecuatoriano por 1 a 0, indic\u00f3: \u00abMe pareci\u00f3 un buen partido de parte nuestra y tambi\u00e9n de Ecuador. Fue muy intenso como para ser un amistoso. Sabemos muy bien lo que son los rivales sudamericanos y es un buen equipo. Creo que hicimos lo que ten\u00edamos que hacer: intentar dominar, crear situaciones\u00bb.<\/p>\n\n\n\n<p>\u00abEstos partidos siempre tienen riesgos, que pueden ser las lesiones o los contratiempos. Intentamos que no sucedan. En algunos casos, como el de Nahuel Molina, no quer\u00edamos arriesgarlo, no est\u00e1 al cien por cien. Del resto estamos contentos. Quedan pocos d\u00edas para hacer la lista final y la haremos en base a lo que creemos que es mejor para la Selecci\u00f3n. Siempre duele dejar chicos afuera, pero en este caso lo haremos pensando en lo que necesita el equipo\u00bb, asever\u00f3.<\/p>\n\n\n\n<p>En relaci\u00f3n a Lionel Messi, quien fue suplente e ingres\u00f3 a los 10 minutos del segundo tiempo, expres\u00f3: \u00abHay veces que no hay necesidad de arriesgar, no solo con \u00e9l sino con otros tambi\u00e9n. (Nicol\u00e1s) Otamendi tampoco jug\u00f3. Con Juli\u00e1n (\u00c1lvaro) y Lautaro (Mart\u00ednez) jugaron unos minutos. Es un poco cuidarlos y que lleguen en \u00f3ptimas condiciones\u00bb.<\/p>\n","protected":false},"excerpt":{"rendered":"<p>El entrenador<\/p>\n","protected":false},"author":1,"featured_media":52972,"comment_status":"closed","ping_status":"closed","sticky":false,"template":"","format":"standard","meta":{"footnotes":""},"categories":[6],"tags":[22],"class_list":["post-52971","post","type-post","status-publish","format-standard","has-post-thumbnail","hentry","category-deportes","tag-futbol"],"_links":{"self":[{"href":"https:\/\/panoramadelsur.com.ar\/index.php?rest_route=\/wp\/v2\/posts\/52971","targetHints":{"allow":["GET"]}}],"collection":[{"href":"https:\/\/panoramadelsur.com.ar\/index.php?rest_route=\/wp\/v2\/posts"}],"about":[{"href":"https:\/\/panoramadelsur.com.ar\/index.php?rest_route=\/wp\/v2\/types\/post"}],"author":[{"embeddable":true,"href":"https:\/\/panoramadelsur.com.ar\/index.php?rest_route=\/wp\/v2\/users\/1"}],"replies":[{"embeddable":true,"href":"https:\/\/panoramadelsur.com.ar\/index.php?rest_route=%2Fwp%2Fv2%2Fcomments&post=52971"}],"version-history":[{"count":1,"href":"https:\/\/panoramadelsur.com.ar\/index.php?rest_route=\/wp\/v2\/posts\/52971\/revisions"}],"predecessor-version":[{"id":52973,"href":"https:\/\/panoramadelsur.com.ar\/index.php?rest_route=\/wp\/v2\/posts\/52971\/revisions\/52973"}],"wp:featuredmedia":[{"embeddable":true,"href":"https:\/\/panoramadelsur.com.ar\/index.php?rest_route=\/wp\/v2\/media\/52972"}],"wp:attachment":[{"href":"https:\/\/panoramadelsur.com.ar\/index.php?rest_route=%2Fwp%2Fv2%2Fmedia&parent=52971"}],"wp:term":[{"taxonomy":"category","embeddable":true,"href":"https:\/\/panoramadelsur.com.ar\/index.php?rest_route=%2Fwp%2Fv2%2Fcategories&post=52971"},{"taxonomy":"post_tag","embeddable":true,"href":"https:\/\/panoramadelsur.com.ar\/index.php?rest_route=%2Fwp%2Fv2%2Ftags&post=52971"}],"curies":[{"name":"wp","href":"https:\/\/api.w.org\/{rel}","templated":true}]}}