{"id":52974,"date":"2024-06-11T01:09:00","date_gmt":"2024-06-11T04:09:00","guid":{"rendered":"https:\/\/panoramadelsur.com.ar\/?p=52974"},"modified":"2024-06-10T22:10:24","modified_gmt":"2024-06-11T01:10:24","slug":"varela-servicios-municipales-descentralizados-en-villa-brown-rural","status":"publish","type":"post","link":"https:\/\/panoramadelsur.com.ar\/?p=52974","title":{"rendered":"VARELA: SERVICIOS MUNICIPALES DESCENTRALIZADOS EN VILLA BROWN RURAL"},"content":{"rendered":"\n<p>La Comuna despleg\u00f3 un nuevo dispositivo territorial, multidisciplinario e itinerante con prestaciones gratuitas de todas sus \u00e1reas en el predio delimitado por las calles 1416 y 1435.<\/p>\n\n\n\n<p>El intendente -Andr\u00e9s Watson- examin\u00f3 la din\u00e1mica de la jornada durante un itinerario por los diversos stands donde dialog\u00f3 con las y los concurrentes sobre el funcionamiento de la iniciativa.<\/p>\n\n\n\n<p>\u201cAumentamos la frecuencia en los operativos ante la solicitud formulada por muchos vecinos y vecinas, quienes manifestaron la necesidad de un \u00e1mbito donde resolver tr\u00e1mites en inmediaciones a sus hogares\u201d, describi\u00f3 el Alcalde.<\/p>\n\n\n\n<p>El titular en el Ejecutivo varelense remarc\u00f3 \u201cla tarea colaborativa con el gobierno bonaerense bajo un denominador com\u00fan: responder a las demandas de la ciudadan\u00eda mediante un Estado presente y mejorar su calidad de vida\u201d.<\/p>\n\n\n\n<p>\u201c\u00a1No sent\u00ed ninguno de los tres pinchazos!\u201d, revel\u00f3 una frentista de la zona -Mar\u00eda- tras la aplicaci\u00f3n de las dosis contra la Covid19 y el neumococo m\u00e1s la antigripal. \u201cLa atenci\u00f3n fue espectacular\u201d, afirm\u00f3 la mujer.<\/p>\n\n\n\n<p>Radicada por m\u00e1s de dos d\u00e9cadas en el barrio, Vanesa requiri\u00f3 asesoramiento respecto a la documentaci\u00f3n de su hija con discapacidad. \u201cLa posibilidad de obtener ayuda cerca de casa fue un alivio\u201d, confes\u00f3.<\/p>\n\n\n\n<p>Un adolescente oriundo del lugar -Alex- gestion\u00f3 su Tarjeta SUBE con el objetivo de \u201creducir gastos al viajar a estudiar\u201d. \u201cPerd\u00ed el carnet d\u00edas atr\u00e1s. Por suerte, hice otro super r\u00e1pido\u201d, narr\u00f3.<\/p>\n\n\n\n<p>Otra ciudadana, Lidia, destac\u00f3 \u201clas charlas sobre RCP y salud bucal\u201d. \u201cLas explicaciones fueron did\u00e1cticas. Me fui con conocimientos \u00fatiles para compartir con familiares o amigos\u201d, detall\u00f3.<\/p>\n\n\n\n<p>Estuvieron la secretaria de Desarrollo Social -Laura Vivas- junto con el responsable en la cartera sanitaria, Rub\u00e9n Trepichio.<\/p>\n\n\n\n<p><em>Villa M\u00f3nica Nueva<\/em><\/p>\n\n\n\n<p>Fijaron la pr\u00f3xima edici\u00f3n para el viernes 14 de junio, de 10 a 14 hs., en calle Directorio esquina Virgen de Itat\u00ed con puestos de Ventanilla \u00danica, Defensa del Consumidor, documentaci\u00f3n, gesti\u00f3n ambiental, \u00abEnvi\u00f3n\u00bb, plan FinEs, juventud, empleo, g\u00e9nero, discapacidad, inmunizaci\u00f3n antirr\u00e1bica y desparasitaci\u00f3n de mascotas, inoculaci\u00f3n de Calendario Nacional m\u00e1s anti Covid-19, llenado de libretas, entre otras acciones.<\/p>\n","protected":false},"excerpt":{"rendered":"<p>La Comuna<\/p>\n","protected":false},"author":1,"featured_media":52975,"comment_status":"closed","ping_status":"closed","sticky":false,"template":"","format":"standard","meta":{"footnotes":""},"categories":[3],"tags":[30],"class_list":["post-52974","post","type-post","status-publish","format-standard","has-post-thumbnail","hentry","category-regionales","tag-varela"],"_links":{"self":[{"href":"https:\/\/panoramadelsur.com.ar\/index.php?rest_route=\/wp\/v2\/posts\/52974","targetHints":{"allow":["GET"]}}],"collection":[{"href":"https:\/\/panoramadelsur.com.ar\/index.php?rest_route=\/wp\/v2\/posts"}],"about":[{"href":"https:\/\/panoramadelsur.com.ar\/index.php?rest_route=\/wp\/v2\/types\/post"}],"author":[{"embeddable":true,"href":"https:\/\/panoramadelsur.com.ar\/index.php?rest_route=\/wp\/v2\/users\/1"}],"replies":[{"embeddable":true,"href":"https:\/\/panoramadelsur.com.ar\/index.php?rest_route=%2Fwp%2Fv2%2Fcomments&post=52974"}],"version-history":[{"count":1,"href":"https:\/\/panoramadelsur.com.ar\/index.php?rest_route=\/wp\/v2\/posts\/52974\/revisions"}],"predecessor-version":[{"id":52976,"href":"https:\/\/panoramadelsur.com.ar\/index.php?rest_route=\/wp\/v2\/posts\/52974\/revisions\/52976"}],"wp:featuredmedia":[{"embeddable":true,"href":"https:\/\/panoramadelsur.com.ar\/index.php?rest_route=\/wp\/v2\/media\/52975"}],"wp:attachment":[{"href":"https:\/\/panoramadelsur.com.ar\/index.php?rest_route=%2Fwp%2Fv2%2Fmedia&parent=52974"}],"wp:term":[{"taxonomy":"category","embeddable":true,"href":"https:\/\/panoramadelsur.com.ar\/index.php?rest_route=%2Fwp%2Fv2%2Fcategories&post=52974"},{"taxonomy":"post_tag","embeddable":true,"href":"https:\/\/panoramadelsur.com.ar\/index.php?rest_route=%2Fwp%2Fv2%2Ftags&post=52974"}],"curies":[{"name":"wp","href":"https:\/\/api.w.org\/{rel}","templated":true}]}}