{"id":52993,"date":"2024-06-11T01:03:00","date_gmt":"2024-06-11T04:03:00","guid":{"rendered":"https:\/\/panoramadelsur.com.ar\/?p=52993"},"modified":"2024-06-11T17:59:55","modified_gmt":"2024-06-11T20:59:55","slug":"dos-detenidos-por-el-crimen-del-estudiante-universitario-en-bernal","status":"publish","type":"post","link":"https:\/\/panoramadelsur.com.ar\/?p=52993","title":{"rendered":"DOS DETENIDOS POR EL CRIMEN DEL ESTUDIANTE UNIVERSITARIO EN BERNAL"},"content":{"rendered":"\n<p>La Polic\u00eda bonaerense\u00a0detuvo a\u00a0dos delincuentes, de 24 y 16 a\u00f1os, acusados del robo y crimen de Carlos Paredes, el estudiante universitario que fue asesinado el s\u00e1bado a la ma\u00f1ana cuando iba a la facultad.<\/p>\n\n\n\n<p>Fuentes policiales del caso le confirmaron a<em>\u00a0Noticias Argentinas<\/em>\u00a0que las capturas de los dos sujetos se logr\u00f3 luego de un\u00a0operativo\u00a0de la\u00a0seccional Quilmes 2\u00aa\u00a0\u00a0tras intensas tareas investigativas.<\/p>\n\n\n\n<p>\u201cAl existir un menor de edad involucrado, se dio intervenci\u00f3n al Fuero de Responsabilidad Penal y Juvenil, que entabl\u00f3 comunicaci\u00f3n con UFIJFRPJ N\u00ba 2 del Departamento Judicial Quilmes, a cargo del Dr. Walter Bruno\u201d, detallaron.<\/p>\n\n\n\n<p>La Justicia\u00a0dispuso la aprehensi\u00f3n de ambos por el delito de homicidio\u00a0y se espera que avance la investigaci\u00f3n para concluir si efectivamente son los autores del asesinato.<\/p>\n\n\n\n<h2 class=\"wp-block-heading\">Caso<\/h2>\n\n\n\n<p>Carlos Enrique S\u00e1nchez Paredes, de 22 a\u00f1os, fue asesinado en s\u00e1bado a la ma\u00f1ana cuando llegaba a la parada de colectivos para ir hasta la\u00a0Universidad Nacional de La Plata\u00a0para rendir un ex\u00e1men.<\/p>\n\n\n\n<p>Aquella ma\u00f1ana su mam\u00e1, desesperada porque su hijo no respond\u00eda los mensajes, fue hasta el lugar y\u00a0observ\u00f3 al joven tirado en la calle mientras agonizaba con una herida en la cabeza.<\/p>\n\n\n\n<p>Pese a que un vecino lo traslad\u00f3 al hospital de Wilde, los m\u00e9dicos confirmaron que\u00a0Paredes falleci\u00f3 por un golpe en la cabeza producido por un ca\u00f1o.<\/p>\n\n\n\n<p>Ante el conocimiento del hecho, compa\u00f1eros, familiares y vecinos lo despidieron en redes sociales y pidieron justicia:\u00a0\u201cUna noticia muy triste. Carlitos, como lo conoc\u00edamos la mayor\u00eda, con 22 a\u00f1os, estudiaba y trabajaba.\u00a0Buen compa\u00f1ero, siempre predispuesto en el trabajo, amable, sencillo. QEPD. Justicia para \u00e9l\u201d.<\/p>\n\n\n\n<p>\u201cEs dif\u00edcil asimilar tu injusta partida\u00a0mi querido sobrino, mi Carlitos.\u00a0Nos dej\u00e1s destrozado el coraz\u00f3n. Descans\u00e1 en paz. Dios te tenga en su Santa gloria. Ahora est\u00e1s junto a tus abuelos\u201d, manifest\u00f3 su t\u00eda.<\/p>\n","protected":false},"excerpt":{"rendered":"<p>La Polic\u00eda<\/p>\n","protected":false},"author":1,"featured_media":52994,"comment_status":"closed","ping_status":"closed","sticky":false,"template":"","format":"standard","meta":{"footnotes":""},"categories":[1,2],"tags":[17],"class_list":["post-52993","post","type-post","status-publish","format-standard","has-post-thumbnail","hentry","category-destacados","category-quilmes","tag-quilmes"],"_links":{"self":[{"href":"https:\/\/panoramadelsur.com.ar\/index.php?rest_route=\/wp\/v2\/posts\/52993","targetHints":{"allow":["GET"]}}],"collection":[{"href":"https:\/\/panoramadelsur.com.ar\/index.php?rest_route=\/wp\/v2\/posts"}],"about":[{"href":"https:\/\/panoramadelsur.com.ar\/index.php?rest_route=\/wp\/v2\/types\/post"}],"author":[{"embeddable":true,"href":"https:\/\/panoramadelsur.com.ar\/index.php?rest_route=\/wp\/v2\/users\/1"}],"replies":[{"embeddable":true,"href":"https:\/\/panoramadelsur.com.ar\/index.php?rest_route=%2Fwp%2Fv2%2Fcomments&post=52993"}],"version-history":[{"count":1,"href":"https:\/\/panoramadelsur.com.ar\/index.php?rest_route=\/wp\/v2\/posts\/52993\/revisions"}],"predecessor-version":[{"id":52995,"href":"https:\/\/panoramadelsur.com.ar\/index.php?rest_route=\/wp\/v2\/posts\/52993\/revisions\/52995"}],"wp:featuredmedia":[{"embeddable":true,"href":"https:\/\/panoramadelsur.com.ar\/index.php?rest_route=\/wp\/v2\/media\/52994"}],"wp:attachment":[{"href":"https:\/\/panoramadelsur.com.ar\/index.php?rest_route=%2Fwp%2Fv2%2Fmedia&parent=52993"}],"wp:term":[{"taxonomy":"category","embeddable":true,"href":"https:\/\/panoramadelsur.com.ar\/index.php?rest_route=%2Fwp%2Fv2%2Fcategories&post=52993"},{"taxonomy":"post_tag","embeddable":true,"href":"https:\/\/panoramadelsur.com.ar\/index.php?rest_route=%2Fwp%2Fv2%2Ftags&post=52993"}],"curies":[{"name":"wp","href":"https:\/\/api.w.org\/{rel}","templated":true}]}}