{"id":52996,"date":"2024-06-11T13:10:00","date_gmt":"2024-06-11T16:10:00","guid":{"rendered":"https:\/\/panoramadelsur.com.ar\/?p=52996"},"modified":"2024-06-11T16:08:52","modified_gmt":"2024-06-11T19:08:52","slug":"mato-a-su-hermano-por-la-herencia-de-una-casa-en-lanus","status":"publish","type":"post","link":"https:\/\/panoramadelsur.com.ar\/?p=52996","title":{"rendered":"MAT\u00d3 A SU HERMANO POR LA HERENCIA DE UNA CASA EN LAN\u00daS"},"content":{"rendered":"\n<p>Un hombre mat\u00f3 a balazos a su hermano en Lan\u00fas por la herencia de una casa&nbsp;y seg\u00fan informaron las autoridades, el&nbsp;paciente psiqui\u00e1trico&nbsp;intent\u00f3 suicidarse.&nbsp;<\/p>\n\n\n\n<p>El crimen ocurri\u00f3 el lunes por la tarde en el cruce de&nbsp;las&nbsp;calles Coronel Burela y General Donovan, localidad bonaerense de Gerli, Lan\u00fas, cuando&nbsp;una discusi\u00f3n entre hermanos por una herencia termin\u00f3 de forma tr\u00e1gica.<\/p>\n\n\n\n<p>Fuentes policiales le confirmaron a<em>&nbsp;Noticias Argentinas<\/em>&nbsp;que&nbsp;Carlos Sensori intercept\u00f3 en la v\u00eda p\u00fablica a Osvaldo&nbsp;y all\u00ed&nbsp;dispar\u00f3 diez tiros, de los cuales&nbsp;cuatro impactaron en la v\u00edctima.<\/p>\n\n\n\n<p>Aunque el caso est\u00e1 en etapa de investigaci\u00f3n, los voceros indicaron que&nbsp;el pap\u00e1 de ambos hab\u00eda fallecido hace una semana&nbsp;y tras el aviso del abogado sobre la herencia,&nbsp;Carlos supo que la casa hab\u00eda quedado a nombre Osvaldo.<\/p>\n\n\n\n<p>Asimismo, se constat\u00f3 que&nbsp;la v\u00edctima tambi\u00e9n se qued\u00f3 con su tutela&nbsp;ya que, al ser paciente psiqui\u00e1trico,&nbsp;no pod\u00eda cuidarse solo.<\/p>\n\n\n\n<p>Previo al ataque el asesino<strong>&nbsp;<\/strong>le mand\u00f3 audios amenazantes a su hermano:&nbsp;\u201cOsvaldito, no amenac\u00e9s&#8230; Osvaldito, yo te puedo matar hijo de p&#8230;&nbsp;Yo puedo vivir hasta los 80 a\u00f1os y me como una perpetua, \u00bfS\u00cd? Vivo piola.&nbsp;No tengo para comer. No estoy comiendo. \u00bfTanto trabajo ten\u00e9s?&nbsp;Te puedo matar\u00bb.<\/p>\n\n\n\n<p>\u00abVas a ver si vas a agarrar el coche. Como tierra. No me importa un carajo. \u2018Tengo 50, 60, 70 clientes\u2019. No estoy trabajando hijo de p&#8230;\u00a0Voy a alquilar la casa y te voy a matar. Yo\u00a0te mato Osvaldito, te voy a degoll<strong>ar<\/strong>\u201d, se extrajo de un audio enviado por el agresor.\u00a0<\/p>\n\n\n\n<p>Frente a este accionar,&nbsp;la Justicia le impuso a Carlos una perimetral de 200 metros&nbsp;pero, aun as\u00ed, las amenazas continuaron esa misma noche cuando se acerc\u00f3 hasta la vivienda de la v\u00edctima y lanz\u00f3&nbsp;tiros al aire.<\/p>\n\n\n\n<p>Se supo que las acciones siguieron los d\u00edas siguientes hasta que el lunes por la tarde lo mat\u00f3 a balazos y luego intent\u00f3 suicidarse. En estos momentos\u00a0est\u00e1\u00a0internado en grave estado en el hospital municipal de Lan\u00fas tras dispararse en la sien, del lado derecho.\u00a0<\/p>\n\n\n\n<p>El cuerpo de la v\u00edctima, que presenta cuatro impactos de bala en su cuerpo, fue trasladado a la&nbsp;Morgue del Judicial de Lomas de Zamora.<\/p>\n","protected":false},"excerpt":{"rendered":"<p>Un hombre<\/p>\n","protected":false},"author":1,"featured_media":52997,"comment_status":"closed","ping_status":"closed","sticky":false,"template":"","format":"standard","meta":{"footnotes":""},"categories":[3],"tags":[202],"class_list":["post-52996","post","type-post","status-publish","format-standard","has-post-thumbnail","hentry","category-regionales","tag-lanus"],"_links":{"self":[{"href":"https:\/\/panoramadelsur.com.ar\/index.php?rest_route=\/wp\/v2\/posts\/52996","targetHints":{"allow":["GET"]}}],"collection":[{"href":"https:\/\/panoramadelsur.com.ar\/index.php?rest_route=\/wp\/v2\/posts"}],"about":[{"href":"https:\/\/panoramadelsur.com.ar\/index.php?rest_route=\/wp\/v2\/types\/post"}],"author":[{"embeddable":true,"href":"https:\/\/panoramadelsur.com.ar\/index.php?rest_route=\/wp\/v2\/users\/1"}],"replies":[{"embeddable":true,"href":"https:\/\/panoramadelsur.com.ar\/index.php?rest_route=%2Fwp%2Fv2%2Fcomments&post=52996"}],"version-history":[{"count":1,"href":"https:\/\/panoramadelsur.com.ar\/index.php?rest_route=\/wp\/v2\/posts\/52996\/revisions"}],"predecessor-version":[{"id":52998,"href":"https:\/\/panoramadelsur.com.ar\/index.php?rest_route=\/wp\/v2\/posts\/52996\/revisions\/52998"}],"wp:featuredmedia":[{"embeddable":true,"href":"https:\/\/panoramadelsur.com.ar\/index.php?rest_route=\/wp\/v2\/media\/52997"}],"wp:attachment":[{"href":"https:\/\/panoramadelsur.com.ar\/index.php?rest_route=%2Fwp%2Fv2%2Fmedia&parent=52996"}],"wp:term":[{"taxonomy":"category","embeddable":true,"href":"https:\/\/panoramadelsur.com.ar\/index.php?rest_route=%2Fwp%2Fv2%2Fcategories&post=52996"},{"taxonomy":"post_tag","embeddable":true,"href":"https:\/\/panoramadelsur.com.ar\/index.php?rest_route=%2Fwp%2Fv2%2Ftags&post=52996"}],"curies":[{"name":"wp","href":"https:\/\/api.w.org\/{rel}","templated":true}]}}