{"id":52999,"date":"2024-06-11T01:10:00","date_gmt":"2024-06-11T04:10:00","guid":{"rendered":"https:\/\/panoramadelsur.com.ar\/?p=52999"},"modified":"2024-06-11T17:59:08","modified_gmt":"2024-06-11T20:59:08","slug":"mayra-los-vecinos-de-quilmes-necesitamos-que-el-gobierno-nacional-reanude-obras-fundamentales-para-la-ciudad","status":"publish","type":"post","link":"https:\/\/panoramadelsur.com.ar\/?p=52999","title":{"rendered":"MAYRA: \u00abLOS VECINOS DE QUILMES NECESITAMOS QUE EL GOBIERNO NACIONAL REANUDE OBRAS FUNDAMENTALES PARA LA CIUDAD\u00bb"},"content":{"rendered":"\n<p>La intendenta de Quilmes, Mayra Mendoza, firm\u00f3 este martes junto a jefes comunales de la provincia de Buenos Aires, el petitorio que se present\u00f3 en el Ministerio de Econom\u00eda de la Naci\u00f3n, a cargo de Luis Caputo, en el que se detallan todas las obras p\u00fablicas que fueron paralizadas por el Gobierno Nacional en el territorio bonaerense, y particip\u00f3 de la conferencia de prensa del gobernador Axel Kicillof.<\/p>\n\n\n\n<p>\u201cLos vecinos de Quilmes necesitamos que el Gobierno Nacional reanude obras fundamentales para la ciudad. Estamos reclamando la deuda de fondos que el Estado mantiene con el Gobierno Provincial y por la paralizaci\u00f3n de obras que son muy importantes para nuestros municipios\u201d, sostuvo Mayra.<\/p>\n\n\n\n<p>La Jefa comunal afirm\u00f3: \u201cEn Quilmes, desde diciembre con la asunci\u00f3n del presidente Milei, tenemos obras que han quedado frenadas, como el Acceso Sudeste; la nueva estaci\u00f3n de trenes, H\u00e9roes de Malvinas, entre Quilmes y Ezpeleta; la nueva sede de QuilmesTEC, en el barrio La Paz, y la construcci\u00f3n de la escuela secundaria en el barrio La Matera, entre otras m\u00e1s. Lo que estamos pidiendo es responsabilidad, porque no son obras de un municipio y de un intendente de tal ideolog\u00eda, son obras de la gente, para mejorar su calidad de vida. Todos estos proyectos se frenaron por la decisi\u00f3n del Gobierno Nacional de no destinar fondos a la obra p\u00fablica\u201d.<\/p>\n\n\n\n<p>Y subray\u00f3: \u201cComo Intendenta vengo ac\u00e1 a representar a los m\u00e1s de 600 mil vecinos y vecinas de Quilmes que esperaban estas obras necesarias para que nuestra ciudad siga creciendo y mejorando, pero que desde que asumieron Milei y Caputo, decidieron ponerle un freno y perjudicar as\u00ed a miles de bonaerenses\u201d.<\/p>\n\n\n\n<p>En referencia a lo que la Provincia present\u00f3 ante la Justicia, Mayra agreg\u00f3: \u201cTanto del FOFOFI, que es un fondo para seguridad de la provincia de Buenos Aires, como del FONID, para los docentes, y dem\u00e1s, todav\u00eda no hay novedades. La Provincia sigue tratando de sostener los recursos propios. Lamentablemente todo es degradaci\u00f3n con Milei presidente\u201d.<\/p>\n\n\n\n<p>La acci\u00f3n que impuls\u00f3 el ministro de Infraestructura y Servicios P\u00fablicos provincial, Gabriel Katopodis, fue entregarle a su par de Econom\u00eda de Naci\u00f3n, un detalle de cada una de las obras abandonadas por el Estado Nacional en la Provincia y acompa\u00f1ar la acci\u00f3n con una foto colectiva con las y los intendentes.<\/p>\n\n\n\n<p>Se estima que son cerca de 1.000 las obras paralizadas por el presidente de la Naci\u00f3n, Javier Milei, lo que deriv\u00f3 en la p\u00e9rdida de m\u00e1s de 100 mil puestos de trabajo en la construcci\u00f3n. En este marco, desde la Provincia se llev\u00f3 adelante una campa\u00f1a de difusi\u00f3n de las obras abandonadas por el Gobierno Nacional, cuesti\u00f3n que acompa\u00f1aron los intendentes peronistas, que colocaron carteles de \u201cObra paralizada por decisi\u00f3n del Gobierno Nacional\u201d con una franja roja en cada obrador que fue paralizado.<\/p>\n","protected":false},"excerpt":{"rendered":"<p>La intendenta<\/p>\n","protected":false},"author":1,"featured_media":53000,"comment_status":"closed","ping_status":"closed","sticky":false,"template":"","format":"standard","meta":{"footnotes":""},"categories":[2],"tags":[],"class_list":["post-52999","post","type-post","status-publish","format-standard","has-post-thumbnail","hentry","category-quilmes"],"_links":{"self":[{"href":"https:\/\/panoramadelsur.com.ar\/index.php?rest_route=\/wp\/v2\/posts\/52999","targetHints":{"allow":["GET"]}}],"collection":[{"href":"https:\/\/panoramadelsur.com.ar\/index.php?rest_route=\/wp\/v2\/posts"}],"about":[{"href":"https:\/\/panoramadelsur.com.ar\/index.php?rest_route=\/wp\/v2\/types\/post"}],"author":[{"embeddable":true,"href":"https:\/\/panoramadelsur.com.ar\/index.php?rest_route=\/wp\/v2\/users\/1"}],"replies":[{"embeddable":true,"href":"https:\/\/panoramadelsur.com.ar\/index.php?rest_route=%2Fwp%2Fv2%2Fcomments&post=52999"}],"version-history":[{"count":1,"href":"https:\/\/panoramadelsur.com.ar\/index.php?rest_route=\/wp\/v2\/posts\/52999\/revisions"}],"predecessor-version":[{"id":53001,"href":"https:\/\/panoramadelsur.com.ar\/index.php?rest_route=\/wp\/v2\/posts\/52999\/revisions\/53001"}],"wp:featuredmedia":[{"embeddable":true,"href":"https:\/\/panoramadelsur.com.ar\/index.php?rest_route=\/wp\/v2\/media\/53000"}],"wp:attachment":[{"href":"https:\/\/panoramadelsur.com.ar\/index.php?rest_route=%2Fwp%2Fv2%2Fmedia&parent=52999"}],"wp:term":[{"taxonomy":"category","embeddable":true,"href":"https:\/\/panoramadelsur.com.ar\/index.php?rest_route=%2Fwp%2Fv2%2Fcategories&post=52999"},{"taxonomy":"post_tag","embeddable":true,"href":"https:\/\/panoramadelsur.com.ar\/index.php?rest_route=%2Fwp%2Fv2%2Ftags&post=52999"}],"curies":[{"name":"wp","href":"https:\/\/api.w.org\/{rel}","templated":true}]}}