{"id":53009,"date":"2024-06-12T01:01:00","date_gmt":"2024-06-12T04:01:00","guid":{"rendered":"https:\/\/panoramadelsur.com.ar\/?p=53009"},"modified":"2024-06-11T17:03:36","modified_gmt":"2024-06-11T20:03:36","slug":"calendario-de-pagos-de-este-miercoles-12-de-junio","status":"publish","type":"post","link":"https:\/\/panoramadelsur.com.ar\/?p=53009","title":{"rendered":"CALENDARIO DE PAGOS DE ESTE MI\u00c9RCOLES 12 DE JUNIO"},"content":{"rendered":"\n<p>Se informa que\u00a0este mi\u00e9rcoles contin\u00faan los pagos de<strong>\u00a0<\/strong>las Pensiones No Contributivas, jubilaciones y pensiones m\u00ednimas, Asignaci\u00f3n Universal por Hijo y Asignaci\u00f3n Familiar por Hijo, Asignaci\u00f3n por Embarazo, Asignaciones por Prenatal y Maternidad.<\/p>\n\n\n\n<p><strong>Pensiones No Contributivas<\/strong><\/p>\n\n\n\n<p>Titulares con documentos concluidos en&nbsp;<strong>4&nbsp;<\/strong>y<strong>&nbsp;5<\/strong>&nbsp;cobran su haber, que incluye el aumento por movilidad del 8,83 por ciento m\u00e1s el bono de 70 mil pesos.<\/p>\n\n\n\n<p><strong>Jubilaciones y pensiones<\/strong><\/p>\n\n\n\n<p>Titulares de jubilaciones y pensiones m\u00ednimas con documentos terminados en&nbsp;<strong>2<\/strong>&nbsp;cobran su haber, que incluye el incremento por movilidad del 8,83 por ciento m\u00e1s el bono de 70 mil pesos.<\/p>\n\n\n\n<p><strong>Asignaci\u00f3n Universal por Hijo y Asignaci\u00f3n Familiar por Hijo<\/strong><\/p>\n\n\n\n<p>Titulares con documentos finalizados en&nbsp;<strong>2<\/strong>.<\/p>\n\n\n\n<p><strong>Asignaci\u00f3n por Embarazo<\/strong><\/p>\n\n\n\n<p>Titulares con documentos concluidos en&nbsp;<strong>2<\/strong>.<\/p>\n\n\n\n<p><strong>Asignaciones por Prenatal y Maternidad<\/strong><\/p>\n\n\n\n<p>Titulares con documentos terminados en&nbsp;<strong>4&nbsp;<\/strong>y<strong>&nbsp;5<\/strong>.<\/p>\n","protected":false},"excerpt":{"rendered":"<p>Se informa<\/p>\n","protected":false},"author":1,"featured_media":52870,"comment_status":"closed","ping_status":"closed","sticky":false,"template":"","format":"standard","meta":{"footnotes":""},"categories":[4,8],"tags":[59],"class_list":["post-53009","post","type-post","status-publish","format-standard","has-post-thumbnail","hentry","category-nacionales","category-para-agendar","tag-nacionales"],"_links":{"self":[{"href":"https:\/\/panoramadelsur.com.ar\/index.php?rest_route=\/wp\/v2\/posts\/53009","targetHints":{"allow":["GET"]}}],"collection":[{"href":"https:\/\/panoramadelsur.com.ar\/index.php?rest_route=\/wp\/v2\/posts"}],"about":[{"href":"https:\/\/panoramadelsur.com.ar\/index.php?rest_route=\/wp\/v2\/types\/post"}],"author":[{"embeddable":true,"href":"https:\/\/panoramadelsur.com.ar\/index.php?rest_route=\/wp\/v2\/users\/1"}],"replies":[{"embeddable":true,"href":"https:\/\/panoramadelsur.com.ar\/index.php?rest_route=%2Fwp%2Fv2%2Fcomments&post=53009"}],"version-history":[{"count":1,"href":"https:\/\/panoramadelsur.com.ar\/index.php?rest_route=\/wp\/v2\/posts\/53009\/revisions"}],"predecessor-version":[{"id":53010,"href":"https:\/\/panoramadelsur.com.ar\/index.php?rest_route=\/wp\/v2\/posts\/53009\/revisions\/53010"}],"wp:featuredmedia":[{"embeddable":true,"href":"https:\/\/panoramadelsur.com.ar\/index.php?rest_route=\/wp\/v2\/media\/52870"}],"wp:attachment":[{"href":"https:\/\/panoramadelsur.com.ar\/index.php?rest_route=%2Fwp%2Fv2%2Fmedia&parent=53009"}],"wp:term":[{"taxonomy":"category","embeddable":true,"href":"https:\/\/panoramadelsur.com.ar\/index.php?rest_route=%2Fwp%2Fv2%2Fcategories&post=53009"},{"taxonomy":"post_tag","embeddable":true,"href":"https:\/\/panoramadelsur.com.ar\/index.php?rest_route=%2Fwp%2Fv2%2Ftags&post=53009"}],"curies":[{"name":"wp","href":"https:\/\/api.w.org\/{rel}","templated":true}]}}