{"id":53019,"date":"2024-06-12T01:04:00","date_gmt":"2024-06-12T04:04:00","guid":{"rendered":"https:\/\/panoramadelsur.com.ar\/?p=53019"},"modified":"2024-06-11T17:54:56","modified_gmt":"2024-06-11T20:54:56","slug":"mas-jornadas-municipales-de-salud-animal-en-junio","status":"publish","type":"post","link":"https:\/\/panoramadelsur.com.ar\/?p=53019","title":{"rendered":"M\u00c1S JORNADAS MUNICIPALES DE SALUD ANIMAL EN JUNIO"},"content":{"rendered":"\n<p><strong>Se desarrollar\u00e1n nuevas jornadas municipales de salud animal en los barrios de Berazategui. En cada una, los vecinos y vecinas pueden acceder a los servicios gratuitos de vacunaci\u00f3n antirr\u00e1bica, castraci\u00f3n y desparasitaci\u00f3n de perros y gatos.<\/strong><\/p>\n\n\n\n<p>En todas las fechas, el horario de atenci\u00f3n ser\u00e1 de 9.00 a 12.00. Para castraci\u00f3n, en cada jornada se brindar\u00e1n turnos a las 8.00, por orden de llegada, a vecinos y vecinas del barrio. Debe presentarse DNI para acreditar el domicilio.<\/p>\n\n\n\n<p>Mi\u00e9rcoles 12 de junio: Polideportivo Municipal N\u00b0 4 (calle 164 e\/ 29 y 30).<\/p>\n\n\n\n<p>Jueves 13 y viernes 14 de junio: Club Social y Deportivo 26 de Agosto (calle 453 y 411 A).<\/p>\n\n\n\n<p>Martes 18 y mi\u00e9rcoles 19 de junio: Sociedad de Fomento G. Enrique Hudson (calle 63 e\/ 163 y 164) y Capilla San Jos\u00e9 Obrero (Camino Real e\/ 419 y 420).<\/p>\n\n\n\n<p>Del lunes 24 al jueves 27 de junio: Sociedad de Fomento Jos\u00e9 M. Freyre (calle 27 A e\/ 116 y 117).<\/p>\n\n\n\n<p>Del martes 25 al jueves 27 de junio: Sociedad de fomento Santa Rita (calle 303 N\u00b0 614, e\/ 356 y 357).<\/p>\n\n\n\n<p>Esta iniciativa forma parte de las pol\u00edticas sanitarias que impulsa la Municipalidad de Berazategui, a trav\u00e9s de la gesti\u00f3n del intendente Dr. Juan Jos\u00e9 Mussi, para el cuidado y promoci\u00f3n del bienestar y los derechos de los animales de compa\u00f1\u00eda. De esta manera, profesionales de la Cl\u00ednica Veterinaria Municipal -la primera en su tipo en el pa\u00eds- recorren diferentes barrios con dos quir\u00f3fanos m\u00f3viles equipados para brindar una atenci\u00f3n de primer nivel.<\/p>\n\n\n\n<p>Y\u00e9sica Romero es una vecina que particip\u00f3 de las jornadas y expres\u00f3: \u201cLlev\u00e9 a mi gata Naranji para que la castren, desparasiten y apliquen la vacuna antirr\u00e1bica. La adopt\u00e9 hace poquito y su llegada trajo mucha felicidad. Recomiendo que lleven a sus animales, porque es todo gratuito\u201d.<\/p>\n\n\n\n<p>Para m\u00e1s informaci\u00f3n, se puede ingresar en&nbsp;<a href=\"http:\/\/corazondezonasur.com.ar\/servicios\" target=\"_blank\" rel=\"noreferrer noopener\">corazondezonasur.com.ar\/servicios<\/a>.<\/p>\n","protected":false},"excerpt":{"rendered":"<p>Se desarrollar\u00e1n<\/p>\n","protected":false},"author":1,"featured_media":53020,"comment_status":"closed","ping_status":"closed","sticky":false,"template":"","format":"standard","meta":{"footnotes":""},"categories":[10],"tags":[],"class_list":["post-53019","post","type-post","status-publish","format-standard","has-post-thumbnail","hentry","category-mas-noticias"],"_links":{"self":[{"href":"https:\/\/panoramadelsur.com.ar\/index.php?rest_route=\/wp\/v2\/posts\/53019","targetHints":{"allow":["GET"]}}],"collection":[{"href":"https:\/\/panoramadelsur.com.ar\/index.php?rest_route=\/wp\/v2\/posts"}],"about":[{"href":"https:\/\/panoramadelsur.com.ar\/index.php?rest_route=\/wp\/v2\/types\/post"}],"author":[{"embeddable":true,"href":"https:\/\/panoramadelsur.com.ar\/index.php?rest_route=\/wp\/v2\/users\/1"}],"replies":[{"embeddable":true,"href":"https:\/\/panoramadelsur.com.ar\/index.php?rest_route=%2Fwp%2Fv2%2Fcomments&post=53019"}],"version-history":[{"count":1,"href":"https:\/\/panoramadelsur.com.ar\/index.php?rest_route=\/wp\/v2\/posts\/53019\/revisions"}],"predecessor-version":[{"id":53021,"href":"https:\/\/panoramadelsur.com.ar\/index.php?rest_route=\/wp\/v2\/posts\/53019\/revisions\/53021"}],"wp:featuredmedia":[{"embeddable":true,"href":"https:\/\/panoramadelsur.com.ar\/index.php?rest_route=\/wp\/v2\/media\/53020"}],"wp:attachment":[{"href":"https:\/\/panoramadelsur.com.ar\/index.php?rest_route=%2Fwp%2Fv2%2Fmedia&parent=53019"}],"wp:term":[{"taxonomy":"category","embeddable":true,"href":"https:\/\/panoramadelsur.com.ar\/index.php?rest_route=%2Fwp%2Fv2%2Fcategories&post=53019"},{"taxonomy":"post_tag","embeddable":true,"href":"https:\/\/panoramadelsur.com.ar\/index.php?rest_route=%2Fwp%2Fv2%2Ftags&post=53019"}],"curies":[{"name":"wp","href":"https:\/\/api.w.org\/{rel}","templated":true}]}}