{"id":53022,"date":"2024-06-11T01:01:00","date_gmt":"2024-06-11T04:01:00","guid":{"rendered":"https:\/\/panoramadelsur.com.ar\/?p=53022"},"modified":"2024-06-11T18:04:26","modified_gmt":"2024-06-11T21:04:26","slug":"cristina-kirchner-critico-la-ley-bases-en-las-visperas-de-su-tratamiento-en-el-senado","status":"publish","type":"post","link":"https:\/\/panoramadelsur.com.ar\/?p=53022","title":{"rendered":"CRISTINA KIRCHNER CRITIC\u00d3 LA LEY BASES EN LAS V\u00cdSPERAS DE SU TRATAMIENTO EN EL SENADO"},"content":{"rendered":"\n<p>La exvicepresidenta Cristina Kirchner critic\u00f3 la Ley Bases impulsada por el presidente Javier Milei en las v\u00edsperas de su tratamiento en la C\u00e1mara de Senadores. Lo hizo al compartir un clip del colectivo audiovisual Indisciplinados que cuestiona el proyecto oficialista que se debatir\u00e1 y votar\u00e1 ma\u00f1ana a las 10.<\/p>\n\n\n\n<p>A trav\u00e9s de sus redes sociales, la dos veces mandataria comparti\u00f3 un mansaje que concluye con un pedido concreto: \u201cNo al saqueo de nuestros recursos. No a la ley Bases\u201d.<\/p>\n\n\n\n<p>\u201cAnoche en A24 presentaron este video que me encant\u00f3\u201d, plante\u00f3 Fern\u00e1ndez de Kirchner desde su cuenta de X junto a una pieza audiovisual que dura poco m\u00e1s de 3 minutos que deja ver algunos planos de distintos paisajes de la Rep\u00fablica Argentina.<\/p>\n\n\n\n<p>\u201cPens\u00e1 cu\u00e1les son las cosas que te hacen ser vos. Esas cosas que llev\u00e1s y te llenaron de orgullo porque te costaron un mont\u00f3n\u201d, inicia una voz en off mientras de fondo se escucha Inconsciente colectivo de Charly Garc\u00eda.<\/p>\n\n\n\n<p>Asimismo, llama a la reflexi\u00f3n: \u201cAnot\u00e1 las cosas que te gusta hacer y todav\u00eda no pudiste hacer pero no perd\u00e9s las esperanzas. Ahora pens\u00e1te haciendo lo que te gusta hacer, eso tambi\u00e9n define quien sos\u201d.<\/p>\n\n\n\n<p>El clip recopila adem\u00e1s declaraciones de distintos manifestantes, entre ellos, una joven asegura que \u201cel Poder siempre va a estar dispuesto a hacer que las cosas vayan en una direcci\u00f3n en la cual los que salen bien parados son pocos\u201d.<\/p>\n\n\n\n<p>En sinton\u00eda, mirando a c\u00e1mara, otro de los presentes sostiene que \u201clos derechos son posibilidades vitales que en determinado momento una sociedad no acepta que sean privilegios o prerrogativas de unos pocos\u201d.<\/p>\n\n\n\n<p>El mensaje m\u00e1s en\u00e9rgico es el de una jubilada que en referencia a las recetas del gobierno libertario plantea que \u201cnos quieren dejar sin nada, nos va a vender\u201d, y en un mensaje a los diputados mientras se golpea el pecho exige que \u201cse pongan los pantalones porque est\u00e1n firmando cheques en blanco y despu\u00e9s van a hacer los que se les de las pelotas con nuestra Argentina\u201d<\/p>\n\n\n\n<p>\u201cAhora pens\u00e1 si sac\u00e1ndote todas esas cosas, las que ten\u00e9s y las que so\u00f1\u00e1s segu\u00eds siendo vos\u201d, completa la voz en off en paralelo a que se suceden im\u00e1genes de YPF, Aerol\u00edneas Argentinas y de las Islas Malvinas.<\/p>\n\n\n\n<p>Con un plano de una de las movilizaciones a las puertas del Congreso, el video concluye con una placa negra en la que se lee: \u201cNo al saqueo de nuestros recursos\u201d. \u201cNo a la Ley Bases\u201d.<\/p>\n","protected":false},"excerpt":{"rendered":"<p>La exvicepresidenta<\/p>\n","protected":false},"author":1,"featured_media":53023,"comment_status":"closed","ping_status":"closed","sticky":false,"template":"","format":"standard","meta":{"footnotes":""},"categories":[1,4],"tags":[],"class_list":["post-53022","post","type-post","status-publish","format-standard","has-post-thumbnail","hentry","category-destacados","category-nacionales"],"_links":{"self":[{"href":"https:\/\/panoramadelsur.com.ar\/index.php?rest_route=\/wp\/v2\/posts\/53022","targetHints":{"allow":["GET"]}}],"collection":[{"href":"https:\/\/panoramadelsur.com.ar\/index.php?rest_route=\/wp\/v2\/posts"}],"about":[{"href":"https:\/\/panoramadelsur.com.ar\/index.php?rest_route=\/wp\/v2\/types\/post"}],"author":[{"embeddable":true,"href":"https:\/\/panoramadelsur.com.ar\/index.php?rest_route=\/wp\/v2\/users\/1"}],"replies":[{"embeddable":true,"href":"https:\/\/panoramadelsur.com.ar\/index.php?rest_route=%2Fwp%2Fv2%2Fcomments&post=53022"}],"version-history":[{"count":1,"href":"https:\/\/panoramadelsur.com.ar\/index.php?rest_route=\/wp\/v2\/posts\/53022\/revisions"}],"predecessor-version":[{"id":53024,"href":"https:\/\/panoramadelsur.com.ar\/index.php?rest_route=\/wp\/v2\/posts\/53022\/revisions\/53024"}],"wp:featuredmedia":[{"embeddable":true,"href":"https:\/\/panoramadelsur.com.ar\/index.php?rest_route=\/wp\/v2\/media\/53023"}],"wp:attachment":[{"href":"https:\/\/panoramadelsur.com.ar\/index.php?rest_route=%2Fwp%2Fv2%2Fmedia&parent=53022"}],"wp:term":[{"taxonomy":"category","embeddable":true,"href":"https:\/\/panoramadelsur.com.ar\/index.php?rest_route=%2Fwp%2Fv2%2Fcategories&post=53022"},{"taxonomy":"post_tag","embeddable":true,"href":"https:\/\/panoramadelsur.com.ar\/index.php?rest_route=%2Fwp%2Fv2%2Ftags&post=53022"}],"curies":[{"name":"wp","href":"https:\/\/api.w.org\/{rel}","templated":true}]}}