{"id":53029,"date":"2024-06-11T01:03:00","date_gmt":"2024-06-11T04:03:00","guid":{"rendered":"https:\/\/panoramadelsur.com.ar\/?p=53029"},"modified":"2024-06-11T19:56:27","modified_gmt":"2024-06-11T22:56:27","slug":"vigilia-en-el-congreso-contra-la-ley-bases","status":"publish","type":"post","link":"https:\/\/panoramadelsur.com.ar\/?p=53029","title":{"rendered":"VIGILIA EN EL CONGRESO CONTRA LA LEY BASES"},"content":{"rendered":"\n<p>El peronismo encabeza desde las 19 una\u00a0vigilia contra la Ley Bases, que\u00a0se tratar\u00e1 este mi\u00e9rcoles en la C\u00e1mara de Senadores, bajo la consigna: \u201cA Milei lo frenamos luchando en la calle\u201d.<\/p>\n\n\n\n<p>La convocatoria fue\u00a0realizada por los ministros de Infraestructura de la provincia de Buenos Aires, Gabriel Katopodis, y Andr\u00e9s \u201cCuervo\u201d Larroque.<\/p>\n\n\n\n<p>\u201cDesde las 19, los convocamos a todos y todas a sumarse a la Vigilia que estamos organizando en el marco de la campa\u00f1a #FrenemosLaLey. En la Plaza de los Dos Congresos, con una radio abierta, m\u00fasica en vivo e invitados especiales, vamos a debatir, exponer y denunciar esta ley anti-Argentina.\u00a0Arrancamos a construir una Plaza que Frene a Milei. \u00a1Te esperamos!\u201d, escribi\u00f3 Katopodis en su cuenta de la red social X.<\/p>\n\n\n\n<p>En la vigilia habr\u00e1 m\u00fasica en vivo, una radio abierta, con la participaci\u00f3n de trabajadores de T\u00e9lam, , conversatorios con representantes del colectivo feminista, estudiantes, dirigentes sindicales, cient\u00edficos, representantes pymes, delegados de organismos p\u00fablicos; y charlas sobre econom\u00eda popular y empleo.&nbsp;<\/p>\n\n\n\n<p>En declaraciones formuladas a\u00a0<em>Somos T\u00e9lam<\/em>\u00a0en el marco de una actividad que se realiz\u00f3 esta ma\u00f1ana en la puerta del INTI, en contra del desguace de ese organismo,\u00a0Katopodis expres\u00f3 \u201cla convocatoria tiene que ver con hacer presencia y explicarle a cada vecino que pase de qu\u00e9 se trata esta Ley, para que sean cientos de argentinos con banderas celestes y blancas los que le pongan un l\u00edmite\u201d.<\/p>\n\n\n\n<p>\u201cSi se nos dificulta poner l\u00edmites con los diputados o los senadores, que los ponga la gente en la calle.\u00a0Espero que la presencia de la gente ayude a que los senadores que tienen discursos cr\u00edticos contra la Ley, pero a la hora de votar quiz\u00e1 aprietan el bot\u00f3n, no se equivoquen y la rechacen\u201d, destac\u00f3.<\/p>\n\n\n\n<p>Luego, afirm\u00f3:\u00a0\u201cNos vamos a movilizar con organizaciones gremiales, pymes, centros de estudiantes, con representantes del gobierno bonaerense y muchos ciudadanos de a pie\u00a0que deseen expresar que si sale esta ley, la Argentina va a ser peor y todos vamos a estar peor\u201d.\u00a0<\/p>\n\n\n\n<p>\u201cArgentina necesita una ley de inversiones, pero no esta. Esta norma, que desmantela el Estado, no la necesita Milei sino los fondos de inversi\u00f3n y los 15 multimillonarios m\u00e1s importantes del pa\u00eds. Es una norma que entrega recursos naturales y desguaza \u00e1reas estrat\u00e9gicas. Ma\u00f1ana seremos cientos de miles los que estaremos ah\u00ed para defender la patria\u201d, cerr\u00f3.&nbsp;<\/p>\n\n\n\n<p>En ese tono, Larroque dijo a esta agencia:\u00a0\u201cHoy tenemos la vigilia en la plaza de los dos Congresos y ma\u00f1ana estamos convocando desde las 10 en 9 de Julio y Lima. Ah\u00ed se va a encolumnar la provincia de Buenos Aires\u201d.<\/p>\n\n\n\n<p>\u201cVamos a llenar las calles del Congreso para ponerle freno a esa bandera de remate de la Patria que es la Ley Bases\u201d, complet\u00f3.<\/p>\n\n\n\n<p>En paralelo, la Confederaci\u00f3n General del Trabajo\u00a0(CGT); las dos CTA, el resto gabinete del gobernador bonaerense, Axel Kicillof; los intendentes peronistas, y los grupos de izquierda\u00a0se movilizar\u00e1n al Congreso este mi\u00e9rcoles cuando la C\u00e1mara alta comience con el tratamiento de la Ley Bases y del paquete fiscal.<\/p>\n\n\n\n<p>El diputado radical\u00a0Leopoldo Moreau\u00a0tambi\u00e9n convoc\u00f3 a la manifestaci\u00f3n a trav\u00e9s de un mensaje en sus redes sociales: \u201cNo hay que dejar sola a la Patria. Quieren llevarse los recursos naturales y la rentabilidad de esos recursos. Lo \u00fanico que les importa es que los senadores les voten el RIGI que es el acto de corrupci\u00f3n estructural m\u00e1s grande de la historia argentina\u201d, poste\u00f3.<\/p>\n\n\n\n<p>La\u00a0diputada del Frente de Izquierda (FIT), Myriam Bregman\u00a0tambi\u00e9n\u00a0invit\u00f3 a participar de la protesta frente al Congreso: \u201cEl mi\u00e9rcoles tenemos que ser miles en la movilizaci\u00f3n contra la Ley Bases y el paquete fiscal. La presencia de cada uno, cada una, es fundamental para derrotar esas leyes nefastas. \u00a1Nos vemos en la calle!\u201d, se\u00f1al\u00f3.<\/p>\n","protected":false},"excerpt":{"rendered":"<p>El peronismo<\/p>\n","protected":false},"author":1,"featured_media":53030,"comment_status":"closed","ping_status":"closed","sticky":false,"template":"","format":"standard","meta":{"footnotes":""},"categories":[10,4],"tags":[],"class_list":["post-53029","post","type-post","status-publish","format-standard","has-post-thumbnail","hentry","category-mas-noticias","category-nacionales"],"_links":{"self":[{"href":"https:\/\/panoramadelsur.com.ar\/index.php?rest_route=\/wp\/v2\/posts\/53029","targetHints":{"allow":["GET"]}}],"collection":[{"href":"https:\/\/panoramadelsur.com.ar\/index.php?rest_route=\/wp\/v2\/posts"}],"about":[{"href":"https:\/\/panoramadelsur.com.ar\/index.php?rest_route=\/wp\/v2\/types\/post"}],"author":[{"embeddable":true,"href":"https:\/\/panoramadelsur.com.ar\/index.php?rest_route=\/wp\/v2\/users\/1"}],"replies":[{"embeddable":true,"href":"https:\/\/panoramadelsur.com.ar\/index.php?rest_route=%2Fwp%2Fv2%2Fcomments&post=53029"}],"version-history":[{"count":1,"href":"https:\/\/panoramadelsur.com.ar\/index.php?rest_route=\/wp\/v2\/posts\/53029\/revisions"}],"predecessor-version":[{"id":53031,"href":"https:\/\/panoramadelsur.com.ar\/index.php?rest_route=\/wp\/v2\/posts\/53029\/revisions\/53031"}],"wp:featuredmedia":[{"embeddable":true,"href":"https:\/\/panoramadelsur.com.ar\/index.php?rest_route=\/wp\/v2\/media\/53030"}],"wp:attachment":[{"href":"https:\/\/panoramadelsur.com.ar\/index.php?rest_route=%2Fwp%2Fv2%2Fmedia&parent=53029"}],"wp:term":[{"taxonomy":"category","embeddable":true,"href":"https:\/\/panoramadelsur.com.ar\/index.php?rest_route=%2Fwp%2Fv2%2Fcategories&post=53029"},{"taxonomy":"post_tag","embeddable":true,"href":"https:\/\/panoramadelsur.com.ar\/index.php?rest_route=%2Fwp%2Fv2%2Ftags&post=53029"}],"curies":[{"name":"wp","href":"https:\/\/api.w.org\/{rel}","templated":true}]}}