{"id":53047,"date":"2024-06-13T01:06:00","date_gmt":"2024-06-13T04:06:00","guid":{"rendered":"https:\/\/panoramadelsur.com.ar\/?p=53047"},"modified":"2024-06-12T15:34:09","modified_gmt":"2024-06-12T18:34:09","slug":"jardin-948-madre-tierra-cuidado-del-ambiente-y-concientizacion-para-los-mas-chicos","status":"publish","type":"post","link":"https:\/\/panoramadelsur.com.ar\/?p=53047","title":{"rendered":"JARD\u00cdN 948 \u00abMADRE TIERRA\u00bb: CUIDADO DEL AMBIENTE Y CONCIENTIZACI\u00d3N PARA LOS M\u00c1S CHICOS"},"content":{"rendered":"\n<p><strong>El Jard\u00edn de Infantes N\u00b0 948 \u201cMadre Tierra\u201d de Pl\u00e1tanos lleva adelante un proyecto de cuidado del ambiente, a trav\u00e9s del Programa Escuelas Sustentables, que impulsa la Municipalidad de Berazategui, mediante la gesti\u00f3n del intendente Juan Jos\u00e9 Mussi.<\/strong><\/p>\n\n\n\n<p>La directora del establecimiento, Celeste Qui\u00f1ones, inform\u00f3: \u201cEl prop\u00f3sito es guiar a nuestros ni\u00f1os y ni\u00f1as para generar h\u00e1bitos que contribuyan al cuidado del ambiente. Este a\u00f1o plantamos tres \u00e1rboles: ceibo, jacarand\u00e1 y sauce llor\u00f3n. Tambi\u00e9n, con intervenci\u00f3n de las familias, hicimos una huerta donde plantamos lechuga, ajo y tomate\u201d.<\/p>\n\n\n\n<p>Adem\u00e1s, agreg\u00f3: \u201cEn 2023 arrancamos con la compostera, generando los h\u00e1bitos del reciclado y la reutilizaci\u00f3n. Los ni\u00f1os y ni\u00f1as trabajan con ella, acompa\u00f1ados de sus familias. Traen elementos para realizar el compostaje, riegan todos los d\u00edas los \u00e1rboles y tambi\u00e9n cuidan nuestra huerta; se encargaron de plantar los plantines en un caj\u00f3n grande y luego los van a trasplantar a la tierra\u201d.<\/p>\n\n\n\n<p>Desde la creaci\u00f3n del Programa Municipal Escuelas Sustentables en 2021, ya se sumaron 150 instituciones educativas p\u00fablicas y privadas de Berazategui. Esta iniciativa se desarrolla de manera articulada entre la Municipalidad, el Consejo Escolar y la Jefatura Distrital.<\/p>\n\n\n\n<p>El objetivo es acompa\u00f1ar a las escuelas en sus proyectos de educaci\u00f3n ambiental y construir unidos un futuro sustentable para el distrito. Ya se realizaron m\u00e1s de 120 charlas y capacitaciones a estudiantes y docentes. Adem\u00e1s, incluye proyectos como la generaci\u00f3n de huertas org\u00e1nicas, la creaci\u00f3n de mariposarios, concientizaci\u00f3n sobre el cuidado de las abejas y jornadas de forestaci\u00f3n de la v\u00eda p\u00fablica.<\/p>\n\n\n\n<p>Para m\u00e1s informaci\u00f3n sobre las iniciativas que implementa la Municipalidad en t\u00e9rminos de sustentabilidad y cuidado del ambiente, se puede ingresar en&nbsp;<a href=\"http:\/\/berazategui.gob.ar\/sustentable\" target=\"_blank\" rel=\"noreferrer noopener\">berazategui.gob.ar\/sustentable<\/a>.<\/p>\n","protected":false},"excerpt":{"rendered":"<p>El Jard\u00edn<\/p>\n","protected":false},"author":1,"featured_media":53048,"comment_status":"closed","ping_status":"closed","sticky":false,"template":"","format":"standard","meta":{"footnotes":""},"categories":[3],"tags":[40],"class_list":["post-53047","post","type-post","status-publish","format-standard","has-post-thumbnail","hentry","category-regionales","tag-berazategui"],"_links":{"self":[{"href":"https:\/\/panoramadelsur.com.ar\/index.php?rest_route=\/wp\/v2\/posts\/53047","targetHints":{"allow":["GET"]}}],"collection":[{"href":"https:\/\/panoramadelsur.com.ar\/index.php?rest_route=\/wp\/v2\/posts"}],"about":[{"href":"https:\/\/panoramadelsur.com.ar\/index.php?rest_route=\/wp\/v2\/types\/post"}],"author":[{"embeddable":true,"href":"https:\/\/panoramadelsur.com.ar\/index.php?rest_route=\/wp\/v2\/users\/1"}],"replies":[{"embeddable":true,"href":"https:\/\/panoramadelsur.com.ar\/index.php?rest_route=%2Fwp%2Fv2%2Fcomments&post=53047"}],"version-history":[{"count":1,"href":"https:\/\/panoramadelsur.com.ar\/index.php?rest_route=\/wp\/v2\/posts\/53047\/revisions"}],"predecessor-version":[{"id":53049,"href":"https:\/\/panoramadelsur.com.ar\/index.php?rest_route=\/wp\/v2\/posts\/53047\/revisions\/53049"}],"wp:featuredmedia":[{"embeddable":true,"href":"https:\/\/panoramadelsur.com.ar\/index.php?rest_route=\/wp\/v2\/media\/53048"}],"wp:attachment":[{"href":"https:\/\/panoramadelsur.com.ar\/index.php?rest_route=%2Fwp%2Fv2%2Fmedia&parent=53047"}],"wp:term":[{"taxonomy":"category","embeddable":true,"href":"https:\/\/panoramadelsur.com.ar\/index.php?rest_route=%2Fwp%2Fv2%2Fcategories&post=53047"},{"taxonomy":"post_tag","embeddable":true,"href":"https:\/\/panoramadelsur.com.ar\/index.php?rest_route=%2Fwp%2Fv2%2Ftags&post=53047"}],"curies":[{"name":"wp","href":"https:\/\/api.w.org\/{rel}","templated":true}]}}