{"id":53056,"date":"2024-06-12T01:03:00","date_gmt":"2024-06-12T04:03:00","guid":{"rendered":"https:\/\/panoramadelsur.com.ar\/?p=53056"},"modified":"2024-06-12T19:28:54","modified_gmt":"2024-06-12T22:28:54","slug":"tension-en-el-congreso-las-fuerzas-de-seguridad-lanzaron-gas-lacrimogeno-contra-diputados-nacionales-y-manifestantes","status":"publish","type":"post","link":"https:\/\/panoramadelsur.com.ar\/?p=53056","title":{"rendered":"REPRESI\u00d3N, GASES Y DETENIDOS EN EL CONGRESO MIENTRAS SE TRATA LA LEY BASES EN EL SENADO"},"content":{"rendered":"\n<p>Manifestantes de\u00a0organizaciones sindicales, sociales y pol\u00edticas fueron reprimidos\u00a0hoy frente al Congreso de la Naci\u00f3n por las fuerzas de seguridad y hay al menos 18 de ellos detenidos, luego de una movilizaci\u00f3n para \u201cexigir que no se apruebe\u201d la ley Bases que contin\u00faa siendo tratada en la C\u00e1mara de Senadores.<\/p>\n\n\n\n<h2 class=\"wp-block-heading\">El ataque a los diputados<\/h2>\n\n\n\n<p>Las fuerzas de seguridad\u00a0dispararon balas de goma, tiraron gases lacrim\u00f3genos y gas pimienta\u00a0contra manifestantes y diputados, entre ellos los legisladores de Uni\u00f3n por la Patria (UxP) Carlos Castagneto, Eduardo Vald\u00e9s, Juan Manuel Pedrini, Carolina Yutrovic y Luis Basterra, seg\u00fan inform\u00f3 su par Cecilia Moreau.<\/p>\n\n\n\n<p>Los cinco diputados debieron ser trasladados al Hospital Santa Luc\u00eda y al Instituto del Quemado, en este \u00faltimo Castagneto debi\u00f3 ser hospitalizado por lesiones en su piel.<\/p>\n\n\n\n<p>La primera represi\u00f3n policial tuvo lugar cerca de las 14 cuando personal de Prefectura avanz\u00f3 contra un cord\u00f3n que los diputados de UxP intentaban conformar en la calle Entre R\u00edos.<\/p>\n\n\n\n<p>En ese momento, Prefectura tambi\u00e9n tir\u00f3 gas lacrim\u00f3geno contra los protestantes, la mayor\u00eda autoconvocados, que se encontraban en la intersecci\u00f3n de Callao y Rivadavia, sitio que estaba bajo su vigilancia.<\/p>\n\n\n\n<h2 class=\"wp-block-heading\">Gases y balas de goma<\/h2>\n\n\n\n<p>Pero la mayor represi\u00f3n tuvo lugar a partir de las 16 cuando la Polic\u00eda Federal junto a la Gendarmer\u00eda avanzaron con\u00a0gases lacrim\u00f3genos y balas de gomas\u00a0contra los manifestantes que se encontraban en la Plaza de los Dos Congresos, luego de que concluyera el acto convocado por las dos CTA y algunos sindicatos de la CGT.<\/p>\n\n\n\n<p>Camiones hidrantes\u00a0lanzaron agua a los presentes y abrieron las vallas\u00a0que las mismas fuerzas policiales hab\u00edan colocado m\u00e1s temprano para desconectar las calles Hip\u00f3lito Yrigoyen y Rivadavia de Entre R\u00edos, sobre la que se desplegaron gran cantidad de efectivos que controlaron durante toda la jornada a los manifestantes.\u00a0<\/p>\n\n\n\n<p>Algunos manifestantes respondieron con piedras y botellazos frente al avance de las fuerzas de seguridad que por momentos lleg\u00f3 hasta la calle Virrey Cevallos.<\/p>\n\n\n\n<p>Las fuerzas de seguridad detuvieron al menos a 18 personas\u00a0que se encontraban en las inmediaciones de la Plaza cerca de las 18.<\/p>\n\n\n\n<p>El escenario era muy distinto a las 9 de la ma\u00f1ana cuando la Plaza Congreso hab\u00eda empezado a recibir a agrupaciones sindicales, pol\u00edticas y sociales, convocadas en rechazo a la sanci\u00f3n de la ley Bases que la C\u00e1mara de Senadores comenz\u00f3 a tratar pasadas las 10.<\/p>\n\n\n\n<p>Una intensa capa de neblina blanca mezclada con el humo de los puestos de comida y la humedad que hab\u00eda embarrado la plaza no pudieron tapar la cantidad de colores de las banderas de las organizaciones.<\/p>\n\n\n\n<p>La tensi\u00f3n en los alrededores del Congreso\u00a0continu\u00f3 creciendo con el correr de las horas\u00a0ante el avance de las fuerzas de seguridad contra los manifestantes.<\/p>\n\n\n\n<p>Por el lado sindical, hubo manifestantes de la Asociaci\u00f3n de Trabajadores del Estado (ATE), del Sindicato \u00danico de Trabajadores del Neum\u00e1tico Argentino (Sutna), de Aceiteros, de La Fraternidad, de la Confederaci\u00f3n de Trabajadores de la Educaci\u00f3n (Ctera), del Sindicato Unificado de Trabajadores de la Educaci\u00f3n de Buenos Aires (Suteba), del Sindicato de Mec\u00e1nicos y Afines del Transporte Automotor (Smata).<\/p>\n\n\n\n<p>Tambi\u00e9n estuvo la Uni\u00f3n de Trabajadores de la Econom\u00eda Popular (Utep), la Federaci\u00f3n de Docentes de las Universidades (Fedun), la Federaci\u00f3n Argentina del Trabajador de Universidades Nacionales (Fatun), la Uni\u00f3n Ferroviaria, Asociaci\u00f3n de Ense\u00f1anza Media y Superior (Ademys), la Federaci\u00f3n Nacional de Docentes Universitarios (Conadu), entre otras.<\/p>\n\n\n\n<p>La columna del Sindicato de Camioneros no pudo llegar a la plaza porque Gendarmer\u00eda bloque\u00f3 el acceso por la calle Entre R\u00edos a la altura Moreno por donde intent\u00f3 ingresar el gremio.&nbsp;<\/p>\n\n\n\n<p>En la Plaza Congreso hubo tambi\u00e9n integrantes de los movimientos sociales como Barrios de Pie, el Movimiento Evita, la Corriente Clasista y Combativa (CCC), el Movimiento&nbsp;de Trabajadores Excluidos (MTE), el Polo Obrero, La Dignidad, y la Poderosa.<\/p>\n\n\n\n<p>Estuvieron el Frente Patria Grande, La C\u00e1mpora, Liberaci\u00f3n Popular, el Nuevo M\u00e1s, el MST, la Izquierda Socialista, el PTS y Libres del Sur.<\/p>\n\n\n\n<p>Sobre la calle Entre R\u00edos, en frente del Congreso, los organizadores colocaron un&nbsp;<strong>cami\u00f3n que ofici\u00f3 como escenario<\/strong>&nbsp;desde donde arengaron a los manifestantes a lo largo de toda jornada.<\/p>\n\n\n\n<p>Desde all\u00ed denunciaron que\u00a0la ley Bases \u201cfavorece a los m\u00e1s privilegiados\u201d para que \u201cse llenen los bolsillos los m\u00e1s poderosos\u201d.<\/p>\n\n\n\n<p>\u201cVenimos a exigir que no se apruebe esta ley Bases que nos condena a la miseria\u201d, se pronunciaron mientras acompa\u00f1aban cada intervenci\u00f3n con canciones de rock nacional.<\/p>\n\n\n\n<p>Participaron de la movilizaci\u00f3n\u00a0el cotitular de la CGT, Pablo Moyano; el secretario general de la CTA-A, Hugo \u201cCachorro\u201d Godoy; la secretaria general de la Ctera, Sonia Alesso; el diputado nacional de UxP y secretario adjunto de Smata,\u00a0Mario \u201cPaco\u201d Manrique; el secretario general de Canillitas, Omar Plaini.<\/p>\n\n\n\n<p>Adem\u00e1s, el secretario general adjunto de UTE-Ctera, Eduardo L\u00f3pez; el titular de la Utep, Alejandro \u201cPeluca\u201d Gramajo.<\/p>\n\n\n\n<p>Tambi\u00e9n el\u00a0referente del Frente Patria Grande\u00a0y de Argentina Humana, Juan Grabois; la diputada nacional Natalia Zaracho; la legisladora de la ciudad de Buenos Aires, Victoria Freire; los diputados del Frente de Izquierda, Christian Castillo y Alejandro Vilca; y la ex diputada de esa fuerza, Myriam Bregman.\u00a0<\/p>\n\n\n\n<p>En di\u00e1logo con Somos T\u00e9lam,\u00a0Moyano remarc\u00f3 lo \u201cimportante\u201d de la presencia de \u201clos trabajadores en la plaza\u201d\u00a0y llam\u00f3 a que la concentraci\u00f3n \u201csirva para que reflexionen los senadores y no voten la ley nefasta\u201d.\u00a0<\/p>\n\n\n\n<p>Por su parte,\u00a0Plaini, inst\u00f3 a \u201cdefender el Estado\u201d, y al apuntar contra el presidente Javier Milei, contrast\u00f3: \u201cNo es lo que dice el presidente que el Estado es malo y el mercado es bueno, tanto mercado como sea posible y tanto Estado como sea necesario\u201d.\u00a0<\/p>\n\n\n\n<p>En declaraciones a este medio, T\u00e9lam,\u00a0Grabois pidi\u00f3 que \u201cse caiga la ley Bases y la ley Fiscal\u201d\u00a0porque, dijo, \u201cson un saqueo a la patria y son la miseria planificada de la forma m\u00e1s expl\u00edcita que hemos visto en la historia democr\u00e1tica del pa\u00eds\u201d.\u00a0<\/p>\n\n\n\n<p>\u201cAs\u00ed como dejan leche vencer para que los pibes no puedan disfrutarla, as\u00ed le quieren poner fecha de vencimiento a nuestra patria y la patria no se vende\u201d, advirti\u00f3 al recordar el reciente conflicto de los comedores populares con el Ministerio de Capital Humano por la entrega de comida.<\/p>\n\n\n\n<p>El\u00a0acto culmin\u00f3 cerca de las 15.30 luego de que se cantara el himno nacional\u00a0cuando por primera vez el d\u00eda ve\u00eda al sol salir.\u00a0<\/p>\n\n\n\n<p>En ese momento, una gran cantidad de organizaciones se retiraron y los movimientos sociales junto a las agrupaciones de izquierda quedaron en la primera l\u00ednea cerca de las vallas.<\/p>\n\n\n\n<p>Al poco tiempo inici\u00f3 la avanzada de las fuerzas de seguridad que marc\u00f3 un cambio en la jornada mientras a\u00fan se trataba en el Senado la ley Bases pero ahora con m\u00e1s presencia policial que de manifestantes.<\/p>\n","protected":false},"excerpt":{"rendered":"<p>Manifestantes de\u00a0organizaciones<\/p>\n","protected":false},"author":1,"featured_media":53057,"comment_status":"closed","ping_status":"closed","sticky":false,"template":"","format":"standard","meta":{"footnotes":""},"categories":[1,4],"tags":[],"class_list":["post-53056","post","type-post","status-publish","format-standard","has-post-thumbnail","hentry","category-destacados","category-nacionales"],"_links":{"self":[{"href":"https:\/\/panoramadelsur.com.ar\/index.php?rest_route=\/wp\/v2\/posts\/53056","targetHints":{"allow":["GET"]}}],"collection":[{"href":"https:\/\/panoramadelsur.com.ar\/index.php?rest_route=\/wp\/v2\/posts"}],"about":[{"href":"https:\/\/panoramadelsur.com.ar\/index.php?rest_route=\/wp\/v2\/types\/post"}],"author":[{"embeddable":true,"href":"https:\/\/panoramadelsur.com.ar\/index.php?rest_route=\/wp\/v2\/users\/1"}],"replies":[{"embeddable":true,"href":"https:\/\/panoramadelsur.com.ar\/index.php?rest_route=%2Fwp%2Fv2%2Fcomments&post=53056"}],"version-history":[{"count":2,"href":"https:\/\/panoramadelsur.com.ar\/index.php?rest_route=\/wp\/v2\/posts\/53056\/revisions"}],"predecessor-version":[{"id":53061,"href":"https:\/\/panoramadelsur.com.ar\/index.php?rest_route=\/wp\/v2\/posts\/53056\/revisions\/53061"}],"wp:featuredmedia":[{"embeddable":true,"href":"https:\/\/panoramadelsur.com.ar\/index.php?rest_route=\/wp\/v2\/media\/53057"}],"wp:attachment":[{"href":"https:\/\/panoramadelsur.com.ar\/index.php?rest_route=%2Fwp%2Fv2%2Fmedia&parent=53056"}],"wp:term":[{"taxonomy":"category","embeddable":true,"href":"https:\/\/panoramadelsur.com.ar\/index.php?rest_route=%2Fwp%2Fv2%2Fcategories&post=53056"},{"taxonomy":"post_tag","embeddable":true,"href":"https:\/\/panoramadelsur.com.ar\/index.php?rest_route=%2Fwp%2Fv2%2Ftags&post=53056"}],"curies":[{"name":"wp","href":"https:\/\/api.w.org\/{rel}","templated":true}]}}