{"id":53076,"date":"2024-06-13T18:36:25","date_gmt":"2024-06-13T21:36:25","guid":{"rendered":"https:\/\/panoramadelsur.com.ar\/?p=53076"},"modified":"2024-06-13T18:36:25","modified_gmt":"2024-06-13T21:36:25","slug":"las-madres-de-plaza-de-mayo-denuncian-que-argentina-cayo-en-la-tirania","status":"publish","type":"post","link":"https:\/\/panoramadelsur.com.ar\/?p=53076","title":{"rendered":"LAS MADRES DE PLAZA DE MAYO DENUNCIAN QUE \u00abARGENTINA CAY\u00d3 EN LA TIRAN\u00cdA\u00bb"},"content":{"rendered":"\n<p>Las Madres de Plaza de Mayo denunciaron \u201cante el mundo\u201d en un comunicado que \u201cArgentina cay\u00f3 en la tiran\u00eda y asume una fachada democr\u00e1tica que no alcanza a encubrir su rostro autoritario\u201d, tras la represi\u00f3n generada en las inmediaciones del Congreso en el marco del tratamiento de la Ley Bases.<\/p>\n\n\n\n<p>\u201cUn gobierno que valla el Congreso, reprime al pueblo, gasea a diputados, desata una cacer\u00eda por las calles adyacentes al Parlamento para impedir manifestaciones, no es democr\u00e1tico\u201d, aseveraron desde el organismo de derechos humanos en el texto publicado anoche.<\/p>\n\n\n\n<p>Sostuvieron \u201cLa calidad de la democracia no se mide por la forma de elecci\u00f3n de los gobiernos, sino por el contenido de las pol\u00edticas que aplica\u201d y analizaron que \u201cel nefasto gobierno de Javier Milei traspas\u00f3 todos los l\u00edmites\u201d.<\/p>\n\n\n\n<p>Advirtieron las Madres que \u201cel pueblo lo enfrentar\u00e1 en las calles y en los \u00e1mbitos institucionales que pueda, para impedir el saqueo del pa\u00eds y la venta de la Patria\u201d.<\/p>\n\n\n\n<p>El texto lleva la firma de las filiales: Mar del Plata, Mendoza y Tucum\u00e1n.<\/p>\n\n\n\n<p>El mi\u00e9rcoles, las fuerzas de seguridad reprimieron a manifestantes de organizaciones sindicales, sociales y pol\u00edticas y se registraron al menos 22 detenidos, luego de una movilizaci\u00f3n para \u201cexigir que no se apruebe\u201d la norma enviada por el Poder Ejecutivo.<\/p>\n\n\n\n<p>La mayor represi\u00f3n tuvo lugar a partir de las 16 cuando la Polic\u00eda Federal junto a la Gendarmer\u00eda avanzaron con gases lacrim\u00f3genos y balas de gomas contra los manifestantes que se encontraban en la Plaza de los Dos Congresos, luego de que concluyera el acto convocado por las dos CTA y algunos sindicatos de la CGT.<\/p>\n","protected":false},"excerpt":{"rendered":"<p>Las Madres<\/p>\n","protected":false},"author":1,"featured_media":53077,"comment_status":"closed","ping_status":"closed","sticky":false,"template":"","format":"standard","meta":{"footnotes":""},"categories":[4],"tags":[],"class_list":["post-53076","post","type-post","status-publish","format-standard","has-post-thumbnail","hentry","category-nacionales"],"_links":{"self":[{"href":"https:\/\/panoramadelsur.com.ar\/index.php?rest_route=\/wp\/v2\/posts\/53076","targetHints":{"allow":["GET"]}}],"collection":[{"href":"https:\/\/panoramadelsur.com.ar\/index.php?rest_route=\/wp\/v2\/posts"}],"about":[{"href":"https:\/\/panoramadelsur.com.ar\/index.php?rest_route=\/wp\/v2\/types\/post"}],"author":[{"embeddable":true,"href":"https:\/\/panoramadelsur.com.ar\/index.php?rest_route=\/wp\/v2\/users\/1"}],"replies":[{"embeddable":true,"href":"https:\/\/panoramadelsur.com.ar\/index.php?rest_route=%2Fwp%2Fv2%2Fcomments&post=53076"}],"version-history":[{"count":1,"href":"https:\/\/panoramadelsur.com.ar\/index.php?rest_route=\/wp\/v2\/posts\/53076\/revisions"}],"predecessor-version":[{"id":53078,"href":"https:\/\/panoramadelsur.com.ar\/index.php?rest_route=\/wp\/v2\/posts\/53076\/revisions\/53078"}],"wp:featuredmedia":[{"embeddable":true,"href":"https:\/\/panoramadelsur.com.ar\/index.php?rest_route=\/wp\/v2\/media\/53077"}],"wp:attachment":[{"href":"https:\/\/panoramadelsur.com.ar\/index.php?rest_route=%2Fwp%2Fv2%2Fmedia&parent=53076"}],"wp:term":[{"taxonomy":"category","embeddable":true,"href":"https:\/\/panoramadelsur.com.ar\/index.php?rest_route=%2Fwp%2Fv2%2Fcategories&post=53076"},{"taxonomy":"post_tag","embeddable":true,"href":"https:\/\/panoramadelsur.com.ar\/index.php?rest_route=%2Fwp%2Fv2%2Ftags&post=53076"}],"curies":[{"name":"wp","href":"https:\/\/api.w.org\/{rel}","templated":true}]}}