{"id":53091,"date":"2024-06-14T01:04:00","date_gmt":"2024-06-14T04:04:00","guid":{"rendered":"https:\/\/panoramadelsur.com.ar\/?p=53091"},"modified":"2024-06-13T20:05:13","modified_gmt":"2024-06-13T23:05:13","slug":"servicios-de-guardia-por-el-feriado-del-17-de-junio-en-berazategui","status":"publish","type":"post","link":"https:\/\/panoramadelsur.com.ar\/?p=53091","title":{"rendered":"SERVICIOS DE GUARDIA POR EL FERIADO DEL 17 DE JUNIO EN BERAZATEGUI"},"content":{"rendered":"\n<p><strong>As\u00ed funcionar\u00e1n las Dependencias municipales durante el feriado nacional de este lunes 17 de junio, con motivo del 203\u00b0 aniversario del Paso a la Inmortalidad del General Mart\u00edn Miguel de G\u00fcemes.<\/strong><\/p>\n\n\n\n<p>En primer t\u00e9rmino, se solicita a los vecinos y vecinas no sacar los residuos domiciliarios ni el s\u00e1bado 15, ni el domingo 16; y hacerlo el lunes 17 de junio, en el horario habitual de 19.00 a 21.00.<\/p>\n\n\n\n<p>Para urgencias m\u00e9dicas, los siguientes Centros de Atenci\u00f3n Primaria de Salud (CAPS) permanecer\u00e1n de guardia las 24 horas:<\/p>\n\n\n\n<p>-CAPS N\u00b0 1 \u201cDr. Javier S\u00e1batto\u201d: Av. 14 e\/ 131 y 132, Berazategui Oeste.<\/p>\n\n\n\n<p>-CAPS N\u00b0 2: calle 159 e\/ 54 y 55, Hudson.<\/p>\n\n\n\n<p>-CAPS N\u00b0 3: calle 457 A y 415, Guti\u00e9rrez.<\/p>\n\n\n\n<p>-CAPS N\u00b0 5: calle 159 B e\/ 23 y 24, Berazategui.<\/p>\n\n\n\n<p>-CAPS N\u00b0 11: calle 517 y 611, Ruta 36 (ex Ruta 2) km 38,5, El Pato.<\/p>\n\n\n\n<p>-CAPS N\u00b0 14: calle 151 A y 35, Pl\u00e1tanos.<\/p>\n\n\n\n<p>Asimismo, estar\u00e1 disponible el servicio de ambulancias y de atenci\u00f3n de emergencias (SAME\/CEM), al que se podr\u00e1n comunicar marcando el 107; o el 4356-9215.<\/p>\n\n\n\n<p>Para los y las berazateguenses que necesiten vacunarse contra el COVID-19 o recibir las dosis del Calendario Nacional -tanto pedi\u00e1tricos como adultos-, antigripal o VSR (personas gestantes), funcionar\u00e1n las siguientes Postas Sanitarias:<\/p>\n\n\n\n<p>S\u00e1bado 15 y lunes 17, de 10.00 a 14.00:<\/p>\n\n\n\n<p>&#8211; Posta fija de Av. 14 y 147.<\/p>\n\n\n\n<p>Lunes 17, de 8.00 a 16.00:<\/p>\n\n\n\n<p>&#8211; CAPS N\u00b0 1 \u201cDr. Javier S\u00e1batto\u201d (Av. 14 e\/ 131 y 132, Berazategui Oeste).<\/p>\n\n\n\n<p>&#8211; CAPS N\u00b0 11 (calle 517 y 611, Ruta 36 km 38,5, El Pato).<\/p>\n\n\n\n<p>&#8211; Vacunatorio Mujeres de Malvinas (calle 52 B e\/ 134 y 135 A, Hudson).<\/p>\n\n\n\n<p>Por su parte, el \u00e1rea de Alumbrado P\u00fablico atender\u00e1 emergencias; al igual que Servicios Sanitarios, que garantizar\u00e1 las de agua y desobstrucci\u00f3n de cloacas.<\/p>\n\n\n\n<p>Tambi\u00e9n se podr\u00e1n llevar residuos voluminosos, como ramas, escombros, tierra, muebles, aparatos electr\u00f3nicos y chatarra, al Centro de Gesti\u00f3n Sustentable (Av. Padre Mugica -33- y 162), el s\u00e1bado 15, de 6.00 a 13.00; y el lunes 17, de 8.00 a 13.00.<\/p>\n\n\n\n<p>En tanto, durante todo el fin de semana largo, el Cementerio Parque Municipal (Av. Milazzo y 368 B) atender\u00e1 consultas administrativas de 8.00 a 12.30; y permanecer\u00e1 abierto hasta las 17.00 para visitas.<\/p>\n\n\n\n<p>Finalmente, el Centro de Operaciones Municipal (COM) responder\u00e1 los llamados ante emergencias las 24 horas, al 0800-999-2525\/0247.<\/p>\n","protected":false},"excerpt":{"rendered":"<p>As\u00ed funcionar\u00e1n<\/p>\n","protected":false},"author":1,"featured_media":53092,"comment_status":"closed","ping_status":"closed","sticky":false,"template":"","format":"standard","meta":{"footnotes":""},"categories":[8,3],"tags":[40],"class_list":["post-53091","post","type-post","status-publish","format-standard","has-post-thumbnail","hentry","category-para-agendar","category-regionales","tag-berazategui"],"_links":{"self":[{"href":"https:\/\/panoramadelsur.com.ar\/index.php?rest_route=\/wp\/v2\/posts\/53091","targetHints":{"allow":["GET"]}}],"collection":[{"href":"https:\/\/panoramadelsur.com.ar\/index.php?rest_route=\/wp\/v2\/posts"}],"about":[{"href":"https:\/\/panoramadelsur.com.ar\/index.php?rest_route=\/wp\/v2\/types\/post"}],"author":[{"embeddable":true,"href":"https:\/\/panoramadelsur.com.ar\/index.php?rest_route=\/wp\/v2\/users\/1"}],"replies":[{"embeddable":true,"href":"https:\/\/panoramadelsur.com.ar\/index.php?rest_route=%2Fwp%2Fv2%2Fcomments&post=53091"}],"version-history":[{"count":1,"href":"https:\/\/panoramadelsur.com.ar\/index.php?rest_route=\/wp\/v2\/posts\/53091\/revisions"}],"predecessor-version":[{"id":53093,"href":"https:\/\/panoramadelsur.com.ar\/index.php?rest_route=\/wp\/v2\/posts\/53091\/revisions\/53093"}],"wp:featuredmedia":[{"embeddable":true,"href":"https:\/\/panoramadelsur.com.ar\/index.php?rest_route=\/wp\/v2\/media\/53092"}],"wp:attachment":[{"href":"https:\/\/panoramadelsur.com.ar\/index.php?rest_route=%2Fwp%2Fv2%2Fmedia&parent=53091"}],"wp:term":[{"taxonomy":"category","embeddable":true,"href":"https:\/\/panoramadelsur.com.ar\/index.php?rest_route=%2Fwp%2Fv2%2Fcategories&post=53091"},{"taxonomy":"post_tag","embeddable":true,"href":"https:\/\/panoramadelsur.com.ar\/index.php?rest_route=%2Fwp%2Fv2%2Ftags&post=53091"}],"curies":[{"name":"wp","href":"https:\/\/api.w.org\/{rel}","templated":true}]}}