{"id":53114,"date":"2024-06-14T01:07:00","date_gmt":"2024-06-14T04:07:00","guid":{"rendered":"https:\/\/panoramadelsur.com.ar\/?p=53114"},"modified":"2024-06-13T21:01:21","modified_gmt":"2024-06-14T00:01:21","slug":"ultimas-tareas-en-la-construccion-del-puente-peatonal-en-el-molino","status":"publish","type":"post","link":"https:\/\/panoramadelsur.com.ar\/?p=53114","title":{"rendered":"\u00daLTIMAS TAREAS EN LA CONSTRUCCI\u00d3N DEL PUENTE PEATONAL EN EL MOLINO"},"content":{"rendered":"\n<p>La instalaci\u00f3n del nuevo cruce sobre el arroyo Las Piedras ubicado en calle 52 C con conexi\u00f3n al barrio Los Eucaliptos -Quilmes- ingres\u00f3 en su etapa de finalizaci\u00f3n.<\/p>\n\n\n\n<p>El subsecretario de Infraestructura -Gustavo Paz- pormenoriz\u00f3 \u201clos trabajos de soldadura en barandas aunque con la estructura habilitada para transitar\u201d. Aclar\u00f3 \u201cla prohibici\u00f3n en el paso de veh\u00edculos\u201d y remarc\u00f3 \u201csolo el acceso de peatones\u201d.<\/p>\n\n\n\n<p>Respecto al financiamiento, el funcionario record\u00f3 \u201cel convenio rubricado por el intendente Andr\u00e9s Watson con autoridades del gobierno nacional anterior para la entrega de equipamiento urbano\u201d. En el \u00e1rea, dispusieron la pasarela, una p\u00e9rgola y bancos.<\/p>\n\n\n\n<p>\u201cEn complemento a los recursos otorgados, la labor civil y mano de obra estuvo a cargo del Municipio\u201d, especific\u00f3 Paz. Destac\u00f3 \u201cla concreci\u00f3n de una solicitud muy esperada por la comunidad tras reemplazar el antiguo puente, da\u00f1ado y peligroso, que sol\u00eda taparse ante las crecidas del cauce por las precipitaciones\u201d.<\/p>\n\n\n\n<p>Con m\u00e1s de 25 a\u00f1os de residencia en el lugar, Zulma evoc\u00f3: \u201cHac\u00eda much\u00edsimo tiempo lo ped\u00edamos. La vieja plataforma estaba deteriorada, era una necesidad realmente\u201d.<\/p>\n\n\n\n<p>Para describir la localizaci\u00f3n del flamante mobiliario, detall\u00f3 \u201cun flujo constante de personas por las paradas de colectivos del otro lado\u201d. \u201cLos d\u00edas de lluvias, qued\u00e1bamos aislados\u201d, rememor\u00f3.<\/p>\n\n\n\n<p>La mujer manifest\u00f3 su agradecimiento a la Comuna \u201cporque nos escucharon y luego estuvieron ocupados en esto\u201d. \u201cFue un logro, signific\u00f3 una alegr\u00eda\u201d, agreg\u00f3.<\/p>\n\n\n\n<p>Radicada durante m\u00e1s de dos d\u00e9cadas en la regi\u00f3n, Patricia coincidi\u00f3 en \u201cel continuo movimiento de ni\u00f1os y ni\u00f1as a la escuela, desde temprano\u201d. \u201cFue una tranquilidad saber que ya no corr\u00edan riesgo de caerse\u201d, se\u00f1al\u00f3. \u201cImplic\u00f3 un crecimiento en esta zona\u201d, sum\u00f3.<\/p>\n\n\n\n<p>Su vecino, Gabriel, repas\u00f3 \u201clas veces que cruzaba con el agua hasta las rodillas\u201d. \u201cLlevaba siempre un calzado extra a mi trabajo porque sab\u00eda que un par mojaba\u201d, aludi\u00f3.<\/p>\n\n\n\n<p>El proyecto contempl\u00f3 el montaje de una armadura met\u00e1lica con sendero de hormig\u00f3n en pos de garantizar una circulaci\u00f3n segura a la ciudadan\u00eda, en inmediaciones a la Primaria N\u00ba48 y el Jard\u00edn N\u00ba928.<\/p>\n","protected":false},"excerpt":{"rendered":"<p>La instalaci\u00f3n<\/p>\n","protected":false},"author":1,"featured_media":53115,"comment_status":"closed","ping_status":"closed","sticky":false,"template":"","format":"standard","meta":{"footnotes":""},"categories":[3],"tags":[30],"class_list":["post-53114","post","type-post","status-publish","format-standard","has-post-thumbnail","hentry","category-regionales","tag-varela"],"_links":{"self":[{"href":"https:\/\/panoramadelsur.com.ar\/index.php?rest_route=\/wp\/v2\/posts\/53114","targetHints":{"allow":["GET"]}}],"collection":[{"href":"https:\/\/panoramadelsur.com.ar\/index.php?rest_route=\/wp\/v2\/posts"}],"about":[{"href":"https:\/\/panoramadelsur.com.ar\/index.php?rest_route=\/wp\/v2\/types\/post"}],"author":[{"embeddable":true,"href":"https:\/\/panoramadelsur.com.ar\/index.php?rest_route=\/wp\/v2\/users\/1"}],"replies":[{"embeddable":true,"href":"https:\/\/panoramadelsur.com.ar\/index.php?rest_route=%2Fwp%2Fv2%2Fcomments&post=53114"}],"version-history":[{"count":1,"href":"https:\/\/panoramadelsur.com.ar\/index.php?rest_route=\/wp\/v2\/posts\/53114\/revisions"}],"predecessor-version":[{"id":53116,"href":"https:\/\/panoramadelsur.com.ar\/index.php?rest_route=\/wp\/v2\/posts\/53114\/revisions\/53116"}],"wp:featuredmedia":[{"embeddable":true,"href":"https:\/\/panoramadelsur.com.ar\/index.php?rest_route=\/wp\/v2\/media\/53115"}],"wp:attachment":[{"href":"https:\/\/panoramadelsur.com.ar\/index.php?rest_route=%2Fwp%2Fv2%2Fmedia&parent=53114"}],"wp:term":[{"taxonomy":"category","embeddable":true,"href":"https:\/\/panoramadelsur.com.ar\/index.php?rest_route=%2Fwp%2Fv2%2Fcategories&post=53114"},{"taxonomy":"post_tag","embeddable":true,"href":"https:\/\/panoramadelsur.com.ar\/index.php?rest_route=%2Fwp%2Fv2%2Ftags&post=53114"}],"curies":[{"name":"wp","href":"https:\/\/api.w.org\/{rel}","templated":true}]}}