{"id":53135,"date":"2024-06-14T01:03:00","date_gmt":"2024-06-14T04:03:00","guid":{"rendered":"https:\/\/panoramadelsur.com.ar\/?p=53135"},"modified":"2024-06-14T19:23:04","modified_gmt":"2024-06-14T22:23:04","slug":"mayra-superviso-una-de-las-obras-de-bacheo-en-el-centro-de-quilmes","status":"publish","type":"post","link":"https:\/\/panoramadelsur.com.ar\/?p=53135","title":{"rendered":"MAYRA SUPERVIS\u00d3 UNA DE LAS OBRAS DE BACHEO EN EL CENTRO DE QUILMES"},"content":{"rendered":"\n<p>La intendenta de Quilmes, Mayra Mendoza, supervis\u00f3 este viernes los trabajos de bacheo que se est\u00e1n ejecutando en la intersecci\u00f3n de avenida Las Heras y la calle Alvear, justo en el l\u00edmite entre Quilmes y Bernal, como parte del Plan Municipal 2024, que se lleva adelante en diferentes puntos del distrito y con fondos municipales.<\/p>\n\n\n\n<p>\u201cSupervisamos los trabajos de bacheo que estamos haciendo en Quilmes Centro para agilizar el tr\u00e1nsito en esta zona tan concurrida de la ciudad. Estas tareas se enmarcan dentro del Plan Municipal de Bacheo con el que mejoramos las calles en distintos barrios de Quilmes para tener una mejor conectividad y circulaci\u00f3n vehicular\u201d, se\u00f1al\u00f3 Mayra.<\/p>\n\n\n\n<p>Por su parte, la secretaria de Desarrollo Urbano y Obra P\u00fablica local, Ceci Soler, detall\u00f3: \u201cEn particular en esta obra estamos realizando 7.000 m2 de bacheo y comenzamos por el centro de Quilmes, donde vamos a estar bacheando alrededor de 1.800 m2. Tenemos este en Las Heras y Alvear y el siguiente en Las Heras y Suipacha, pero estamos trabajando en distintos puntos del centro y luego vamos a seguir por el resto del distrito. Se hace con fondos municipales\u201d.<\/p>\n\n\n\n<p>El Plan Municipal de Bacheo apunta a mejorar las condiciones de circulaci\u00f3n y seguridad vial. Las tareas consisten en la demolici\u00f3n de los sectores a reconstruir, la puesta a nivel del suelo y el volcado de hormig\u00f3n en dos capas separadas por un film pl\u00e1stico, la primera de base de 12 cent\u00edmetros de hormig\u00f3n H-13 y la segunda de rodamiento de 18 cent\u00edmetros de hormig\u00f3n H-30.<\/p>\n\n\n\n<p>En la jornada tambi\u00e9n estuvo presente la directora general de Obras de Infraestructura, Paula Benain.&nbsp;<\/p>\n","protected":false},"excerpt":{"rendered":"<p>La intendenta<\/p>\n","protected":false},"author":1,"featured_media":53136,"comment_status":"closed","ping_status":"closed","sticky":false,"template":"","format":"standard","meta":{"footnotes":""},"categories":[1,2],"tags":[],"class_list":["post-53135","post","type-post","status-publish","format-standard","has-post-thumbnail","hentry","category-destacados","category-quilmes"],"_links":{"self":[{"href":"https:\/\/panoramadelsur.com.ar\/index.php?rest_route=\/wp\/v2\/posts\/53135","targetHints":{"allow":["GET"]}}],"collection":[{"href":"https:\/\/panoramadelsur.com.ar\/index.php?rest_route=\/wp\/v2\/posts"}],"about":[{"href":"https:\/\/panoramadelsur.com.ar\/index.php?rest_route=\/wp\/v2\/types\/post"}],"author":[{"embeddable":true,"href":"https:\/\/panoramadelsur.com.ar\/index.php?rest_route=\/wp\/v2\/users\/1"}],"replies":[{"embeddable":true,"href":"https:\/\/panoramadelsur.com.ar\/index.php?rest_route=%2Fwp%2Fv2%2Fcomments&post=53135"}],"version-history":[{"count":1,"href":"https:\/\/panoramadelsur.com.ar\/index.php?rest_route=\/wp\/v2\/posts\/53135\/revisions"}],"predecessor-version":[{"id":53137,"href":"https:\/\/panoramadelsur.com.ar\/index.php?rest_route=\/wp\/v2\/posts\/53135\/revisions\/53137"}],"wp:featuredmedia":[{"embeddable":true,"href":"https:\/\/panoramadelsur.com.ar\/index.php?rest_route=\/wp\/v2\/media\/53136"}],"wp:attachment":[{"href":"https:\/\/panoramadelsur.com.ar\/index.php?rest_route=%2Fwp%2Fv2%2Fmedia&parent=53135"}],"wp:term":[{"taxonomy":"category","embeddable":true,"href":"https:\/\/panoramadelsur.com.ar\/index.php?rest_route=%2Fwp%2Fv2%2Fcategories&post=53135"},{"taxonomy":"post_tag","embeddable":true,"href":"https:\/\/panoramadelsur.com.ar\/index.php?rest_route=%2Fwp%2Fv2%2Ftags&post=53135"}],"curies":[{"name":"wp","href":"https:\/\/api.w.org\/{rel}","templated":true}]}}