{"id":53184,"date":"2024-06-24T01:05:00","date_gmt":"2024-06-24T04:05:00","guid":{"rendered":"https:\/\/panoramadelsur.com.ar\/?p=53184"},"modified":"2024-06-23T15:38:36","modified_gmt":"2024-06-23T18:38:36","slug":"aseguran-que-la-inflacion-de-alimentos-y-bebidas-fue-del-0-en-la-tercera-semana-de-junio","status":"publish","type":"post","link":"https:\/\/panoramadelsur.com.ar\/?p=53184","title":{"rendered":"ASEGURAN QUE LA INFLACI\u00d3N DE ALIMENTOS Y BEBIDAS FUE DEL 0% EN LA TERCERA SEMANA DE JUNIO"},"content":{"rendered":"\n<p>Los precios de los alimentos y bebidas no habr\u00edan tenido variaciones durante la tercera semana de junio,\u00a0al registrar una inflaci\u00f3n del 0%, seg\u00fan revel\u00f3 un estudio de la consultora Econom\u00e9trica.<\/p>\n\n\n\n<p>La medici\u00f3n realizada se centr\u00f3 en el estudio de 8.000 precios de supermercados online y registr\u00f3 que los valores de la categor\u00eda se mantuvieron iguales en la semana pasada respecto a los 7 d\u00edas previos, algo que\u00a0no suced\u00eda hace 30 a\u00f1os.<\/p>\n\n\n\n<p>El informe detall\u00f3 que el rubro alimentos y bebidas tuvo un aumento del 0,1% en los \u00faltimos quince d\u00edas, al exhibir una suba de una d\u00e9cima en la segunda semana del sexto mes del a\u00f1o y no registrar variaciones (0,0%) en la tercera semana.<\/p>\n\n\n\n<p>En cuanto al dato de la primera semana, el reporte reflej\u00f3 que el costo de la categor\u00eda trep\u00f3 un 1,2%. De esta manera, la consultora estim\u00f3 que\u00a0la inflaci\u00f3n del mes en alimentos y bebidas alcanza el 2,4%, a falta de una semana para que finalice.<\/p>\n\n\n\n<p>En este sentido, durante el mes pasado, los precios de los alimentos y bebidas no alcoh\u00f3licas se desaceleraron respecto de abril,\u00a0al caer del 6% al 4,8%,\u00a0mientras que los de las bebidas alcoh\u00f3licas y tabaco, treparon un 6,7%, seg\u00fan el INDEC. Ambas categor\u00edas se ubicaron por encima del IPC general que fue del 4,2%.<\/p>\n\n\n\n<p>En lo que va del a\u00f1o,\u00a0los alimentos y bebidas acumulan una suba del 65,6%, mientras que las bebidas alcoh\u00f3licas y tabaco se encarecieron un 80% en los primeros cinco meses del a\u00f1o, de acuerdo a la medici\u00f3n oficial del INDEC.<\/p>\n\n\n\n<p>En la variaci\u00f3n interanual, en tanto, los alimentos y bebidas registraron en mayo\u00a0un aumento de los precios del 289,4% a nivel nacional.\u00a0En el caso de las bebidas alcoh\u00f3licas y el tabaco, la inflaci\u00f3n del quinto mes del a\u00f1o frente a la del mismo mes de 2023 fue del 266,3%.<\/p>\n","protected":false},"excerpt":{"rendered":"<p>Los precios<\/p>\n","protected":false},"author":1,"featured_media":53185,"comment_status":"closed","ping_status":"closed","sticky":false,"template":"","format":"standard","meta":{"footnotes":""},"categories":[4],"tags":[],"class_list":["post-53184","post","type-post","status-publish","format-standard","has-post-thumbnail","hentry","category-nacionales"],"_links":{"self":[{"href":"https:\/\/panoramadelsur.com.ar\/index.php?rest_route=\/wp\/v2\/posts\/53184","targetHints":{"allow":["GET"]}}],"collection":[{"href":"https:\/\/panoramadelsur.com.ar\/index.php?rest_route=\/wp\/v2\/posts"}],"about":[{"href":"https:\/\/panoramadelsur.com.ar\/index.php?rest_route=\/wp\/v2\/types\/post"}],"author":[{"embeddable":true,"href":"https:\/\/panoramadelsur.com.ar\/index.php?rest_route=\/wp\/v2\/users\/1"}],"replies":[{"embeddable":true,"href":"https:\/\/panoramadelsur.com.ar\/index.php?rest_route=%2Fwp%2Fv2%2Fcomments&post=53184"}],"version-history":[{"count":1,"href":"https:\/\/panoramadelsur.com.ar\/index.php?rest_route=\/wp\/v2\/posts\/53184\/revisions"}],"predecessor-version":[{"id":53186,"href":"https:\/\/panoramadelsur.com.ar\/index.php?rest_route=\/wp\/v2\/posts\/53184\/revisions\/53186"}],"wp:featuredmedia":[{"embeddable":true,"href":"https:\/\/panoramadelsur.com.ar\/index.php?rest_route=\/wp\/v2\/media\/53185"}],"wp:attachment":[{"href":"https:\/\/panoramadelsur.com.ar\/index.php?rest_route=%2Fwp%2Fv2%2Fmedia&parent=53184"}],"wp:term":[{"taxonomy":"category","embeddable":true,"href":"https:\/\/panoramadelsur.com.ar\/index.php?rest_route=%2Fwp%2Fv2%2Fcategories&post=53184"},{"taxonomy":"post_tag","embeddable":true,"href":"https:\/\/panoramadelsur.com.ar\/index.php?rest_route=%2Fwp%2Fv2%2Ftags&post=53184"}],"curies":[{"name":"wp","href":"https:\/\/api.w.org\/{rel}","templated":true}]}}