{"id":53187,"date":"2024-06-24T01:05:00","date_gmt":"2024-06-24T04:05:00","guid":{"rendered":"https:\/\/panoramadelsur.com.ar\/?p=53187"},"modified":"2024-06-23T15:47:23","modified_gmt":"2024-06-23T18:47:23","slug":"el-gobierno-bonaerense-ya-inauguro-162-centros-de-atencion-primaria-de-la-salud","status":"publish","type":"post","link":"https:\/\/panoramadelsur.com.ar\/?p=53187","title":{"rendered":"EL GOBIERNO BONAERENSE YA INAUGUR\u00d3 162 CENTROS DE ATENCI\u00d3N PRIMARIA DE LA SALUD"},"content":{"rendered":"\n<p class=\"wp-block-paragraph\">El gobierno de la provincia de Buenos Aires ya inaugur\u00f3\u00a0162 centros de atenci\u00f3n primaria de la salud (CAPS), inform\u00f3 el s\u00e1bado el gobernador Axel Kicillof y destac\u00f3 que los problemas de los habitantes de esa jurisdicci\u00f3n \u201clos resuelve el Estado y no el mercado\u201d.<\/p>\n\n\n\n<p class=\"wp-block-paragraph\">\u201c\u00a1Llevamos inaugurados 162 Centros de Atenci\u00f3n Primaria de la Salud!\u201d, poste\u00f3 en su cuenta de la red social X el mandatario bonaerense.}<\/p>\n\n\n\n<p class=\"wp-block-paragraph\">El economista sostuvo que ello \u201ces el\u00a0resultado de una pol\u00edtica que impulsamos desde el primer d\u00eda para reconstruir y transformar el sistema sanitario de la provincia de Buenos Aires y que garantiza que el acceso a la salud est\u00e9 al alcance de todos y todas\u201d.<\/p>\n\n\n\n<p class=\"wp-block-paragraph\">\u201cA los problemas de los bonaerenses no los resuelve el mercado, los resuelve el Estado con inversi\u00f3n y solidaridad\u201d, cerr\u00f3 en su posteo.<\/p>\n\n\n\n<p class=\"wp-block-paragraph\">Los Centro de Atenci\u00f3n Primaria de la Salud implementan\u00a0programas de promoci\u00f3n y prevenci\u00f3n, ofrecen prestaciones sanitarias b\u00e1sicas y cuentan con consultorios de atenci\u00f3n general, odontolog\u00eda y ginecolog\u00eda y vacunatorio.<\/p>\n\n\n\n<p class=\"wp-block-paragraph\">Con su implementaci\u00f3n, en la que se atienden consultas de mediana y baja complejidad, se contribuye a descomprimir el sistema de salud.<\/p>\n","protected":false},"excerpt":{"rendered":"<p>El gobierno<\/p>\n","protected":false},"author":1,"featured_media":53188,"comment_status":"closed","ping_status":"closed","sticky":false,"template":"","format":"standard","meta":{"footnotes":""},"categories":[5],"tags":[28,27],"class_list":["post-53187","post","type-post","status-publish","format-standard","has-post-thumbnail","hentry","category-provincia","tag-gba","tag-provincia"],"_links":{"self":[{"href":"https:\/\/panoramadelsur.com.ar\/index.php?rest_route=\/wp\/v2\/posts\/53187","targetHints":{"allow":["GET"]}}],"collection":[{"href":"https:\/\/panoramadelsur.com.ar\/index.php?rest_route=\/wp\/v2\/posts"}],"about":[{"href":"https:\/\/panoramadelsur.com.ar\/index.php?rest_route=\/wp\/v2\/types\/post"}],"author":[{"embeddable":true,"href":"https:\/\/panoramadelsur.com.ar\/index.php?rest_route=\/wp\/v2\/users\/1"}],"replies":[{"embeddable":true,"href":"https:\/\/panoramadelsur.com.ar\/index.php?rest_route=%2Fwp%2Fv2%2Fcomments&post=53187"}],"version-history":[{"count":1,"href":"https:\/\/panoramadelsur.com.ar\/index.php?rest_route=\/wp\/v2\/posts\/53187\/revisions"}],"predecessor-version":[{"id":53189,"href":"https:\/\/panoramadelsur.com.ar\/index.php?rest_route=\/wp\/v2\/posts\/53187\/revisions\/53189"}],"wp:featuredmedia":[{"embeddable":true,"href":"https:\/\/panoramadelsur.com.ar\/index.php?rest_route=\/wp\/v2\/media\/53188"}],"wp:attachment":[{"href":"https:\/\/panoramadelsur.com.ar\/index.php?rest_route=%2Fwp%2Fv2%2Fmedia&parent=53187"}],"wp:term":[{"taxonomy":"category","embeddable":true,"href":"https:\/\/panoramadelsur.com.ar\/index.php?rest_route=%2Fwp%2Fv2%2Fcategories&post=53187"},{"taxonomy":"post_tag","embeddable":true,"href":"https:\/\/panoramadelsur.com.ar\/index.php?rest_route=%2Fwp%2Fv2%2Ftags&post=53187"}],"curies":[{"name":"wp","href":"https:\/\/api.w.org\/{rel}","templated":true}]}}