{"id":53190,"date":"2024-06-24T01:08:00","date_gmt":"2024-06-24T04:08:00","guid":{"rendered":"https:\/\/panoramadelsur.com.ar\/?p=53190"},"modified":"2024-06-23T15:52:57","modified_gmt":"2024-06-23T18:52:57","slug":"se-frenan-las-compras-en-los-supermercados-mayoristas","status":"publish","type":"post","link":"https:\/\/panoramadelsur.com.ar\/?p=53190","title":{"rendered":"SE FRENAN LAS COMPRAS EN LOS SUPERMERCADOS MAYORISTAS"},"content":{"rendered":"\n<p class=\"wp-block-paragraph\">En medio de una recesi\u00f3n que no cede, las\u00a0ventas al por mayor de productos esenciales cayeron 6% en abril, lo cual refleja como la crisis impacta en todos los niveles de la cadena de comercializaci\u00f3n.<\/p>\n\n\n\n<p class=\"wp-block-paragraph\">El dato fue informado por la\u00a0C\u00e1mara Argentina de Distribuidores y Autoservicios Mayoristas (CADAM).<\/p>\n\n\n\n<p class=\"wp-block-paragraph\">En cuanto a los h\u00e1bitos de consumo,\u00a0en abril se consolid\u00f3 la tendencia de buscar marcas m\u00e1s econ\u00f3micas y se pospuso la compra de productos no esenciales.\u00a0<\/p>\n\n\n\n<p class=\"wp-block-paragraph\">Los sectores m\u00e1s afectados incluyen el cuidado personal, cosm\u00e9tica y perfumer\u00eda.<\/p>\n\n\n\n<p class=\"wp-block-paragraph\">El Instituto Nacional de Estad\u00edstica y Censos (INDEC)\u00a0public\u00f3 la \u201cEncuesta de autoservicios mayoristas\u201d, que abarca desde alimentos hasta electr\u00f3nicos, indumentaria y textiles para el hogar.\u00a0<\/p>\n\n\n\n<p class=\"wp-block-paragraph\">Pero la &nbsp;CADAM confecciona un monitor espec\u00edfico para productos de consumo masivo esenciales, como bebidas, almac\u00e9n, panader\u00eda, l\u00e1cteos y art\u00edculos de limpieza y perfumer\u00eda, para proporcionar datos m\u00e1s detallados.<\/p>\n\n\n\n<p class=\"wp-block-paragraph\">Los resultados indican una ca\u00edda del 6% en las ventas comparadas mes a mes a precios corrientes.<\/p>\n\n\n\n<p class=\"wp-block-paragraph\">Seg\u00fan CADAM, adem\u00e1s la disminuci\u00f3n de las expectativas inflacionarias y la reducci\u00f3n de ventas han generado un proceso de desinflaci\u00f3n debido a la competencia entre mayoristas y grandes cadenas.&nbsp;<\/p>\n\n\n\n<p class=\"wp-block-paragraph\">En ese contexto, los minoristas ya no est\u00e1n haciendo grandes compras, lo que podr\u00eda explicar la baja del 6% en abril respecto de marzo.&nbsp;<\/p>\n\n\n\n<p class=\"wp-block-paragraph\">Tambi\u00e9n se observa una menor cantidad de unidades por ticket y una menor frecuencia de compras.<\/p>\n\n\n\n<p class=\"wp-block-paragraph\">En cuanto a los h\u00e1bitos de consumo, sigue disminuyendo la venta de postres, yogures, dulces, chacinados y bebidas en general, mientras que aumentan las compras de productos b\u00e1sicos como aceites, harinas y az\u00facar.&nbsp;<\/p>\n\n\n\n<p class=\"wp-block-paragraph\">En limpieza, se reduce la variedad de productos y se enfoca el consumo en lo esencial como lavandina, con la mayor ca\u00edda en cosm\u00e9tica y perfumer\u00eda.&nbsp;<\/p>\n\n\n\n<p class=\"wp-block-paragraph\">En el cuidado oral, se nota una disminuci\u00f3n en la compra de enjuague bucal, por ejemplo.<\/p>\n\n\n\n<p class=\"wp-block-paragraph\">Para mayo y junio, los mayoristas est\u00e1n recibiendo listas de precios con aumentos desde las industrias y tratan de ajustar los costos para no trasladar los incrementos a los precios finales, aunque los feriados largos de junio generan una baja en ventas y aumentan los costos de personal.<\/p>\n\n\n\n<p class=\"wp-block-paragraph\">El 61% de las ventas se realizan a trav\u00e9s del canal tradicional de comercio, compuesto por mayoristas que abastecen a una red de 140 mil almacenes, farmacias, perfumer\u00edas y 13 mil autoservicios en todo el pa\u00eds.&nbsp;<\/p>\n\n\n\n<p class=\"wp-block-paragraph\">Este tipo de tiendas atiende principalmente a las compras diarias de familias de menores recursos, llegando a los m\u00e1s necesitados a trav\u00e9s de este canal.<\/p>\n","protected":false},"excerpt":{"rendered":"<p>En medio<\/p>\n","protected":false},"author":1,"featured_media":53191,"comment_status":"closed","ping_status":"closed","sticky":false,"template":"","format":"standard","meta":{"footnotes":""},"categories":[4],"tags":[],"class_list":["post-53190","post","type-post","status-publish","format-standard","has-post-thumbnail","hentry","category-nacionales"],"_links":{"self":[{"href":"https:\/\/panoramadelsur.com.ar\/index.php?rest_route=\/wp\/v2\/posts\/53190","targetHints":{"allow":["GET"]}}],"collection":[{"href":"https:\/\/panoramadelsur.com.ar\/index.php?rest_route=\/wp\/v2\/posts"}],"about":[{"href":"https:\/\/panoramadelsur.com.ar\/index.php?rest_route=\/wp\/v2\/types\/post"}],"author":[{"embeddable":true,"href":"https:\/\/panoramadelsur.com.ar\/index.php?rest_route=\/wp\/v2\/users\/1"}],"replies":[{"embeddable":true,"href":"https:\/\/panoramadelsur.com.ar\/index.php?rest_route=%2Fwp%2Fv2%2Fcomments&post=53190"}],"version-history":[{"count":1,"href":"https:\/\/panoramadelsur.com.ar\/index.php?rest_route=\/wp\/v2\/posts\/53190\/revisions"}],"predecessor-version":[{"id":53192,"href":"https:\/\/panoramadelsur.com.ar\/index.php?rest_route=\/wp\/v2\/posts\/53190\/revisions\/53192"}],"wp:featuredmedia":[{"embeddable":true,"href":"https:\/\/panoramadelsur.com.ar\/index.php?rest_route=\/wp\/v2\/media\/53191"}],"wp:attachment":[{"href":"https:\/\/panoramadelsur.com.ar\/index.php?rest_route=%2Fwp%2Fv2%2Fmedia&parent=53190"}],"wp:term":[{"taxonomy":"category","embeddable":true,"href":"https:\/\/panoramadelsur.com.ar\/index.php?rest_route=%2Fwp%2Fv2%2Fcategories&post=53190"},{"taxonomy":"post_tag","embeddable":true,"href":"https:\/\/panoramadelsur.com.ar\/index.php?rest_route=%2Fwp%2Fv2%2Ftags&post=53190"}],"curies":[{"name":"wp","href":"https:\/\/api.w.org\/{rel}","templated":true}]}}