{"id":53196,"date":"2024-06-24T01:08:00","date_gmt":"2024-06-24T04:08:00","guid":{"rendered":"https:\/\/panoramadelsur.com.ar\/?p=53196"},"modified":"2024-06-23T16:02:39","modified_gmt":"2024-06-23T19:02:39","slug":"tc2000-tiago-pernia-se-quedo-con-el-triunfo-en-un-final-para-el-infarto-en-san-juan","status":"publish","type":"post","link":"https:\/\/panoramadelsur.com.ar\/?p=53196","title":{"rendered":"TC2000: TIAGO PERN\u00cdA SE QUED\u00d3 CON EL TRIUNFO EN UN FINAL PARA EL INFARTO EN SAN JUAN"},"content":{"rendered":"\n<p class=\"wp-block-paragraph\">Tiago Pern\u00eda redonde\u00f3 un fin de semana perfecto, en el que se qued\u00f3 con las dos finales de la quinta fecha del a\u00f1o de TC2000, que se llev\u00f3 a cabo en San Juan. Bernardo Llaver (Honda) y Leonel Pern\u00eda (Renault) completaron el podio.<\/p>\n\n\n\n<p class=\"wp-block-paragraph\">Pern\u00eda, que ayer hab\u00eda ganado la primera final en El Villicum, domin\u00f3 la carrera de hoy de principio a fin y aguant\u00f3 el ataque de Berni Llaver, que lo pas\u00f3 en la \u00faltima vuelta, pero inmediatamente recuper\u00f3 la primera posici\u00f3n.<\/p>\n\n\n\n<p class=\"wp-block-paragraph\">Luego del triunfo, Pern\u00eda analiz\u00f3: \u201cLogr\u00e9 defenderme bien en la largada. Pens\u00e9 que Berni (Llaver) no ten\u00eda m\u00e1s, pero intent\u00f3 en la \u00faltima vuelta e hizo una maniobra que pude contrarrestar muy bien\u201d. Visiblemente emocionado, el joven de 22 a\u00f1os que gan\u00f3 su cuarta carrera del a\u00f1o explic\u00f3: \u201cFue terrible porque lo que estoy viviendo no es para nada f\u00e1cil. Todav\u00eda no caigo, ayer gan\u00e9 la carrera y me fui pensando en la carrera de hoy\u201d.<\/p>\n\n\n\n<p class=\"wp-block-paragraph\">El escolta de la carrera, Bernardo Llaver, se lament\u00f3 por la maniobra de la \u00faltima vuelta en la que no pudo conseguir el liderazgo: \u201cMe pas\u00e9 un poquito, pero quiero destacar lo de Tiago. Es un robot, estaba esperando su error y no ocurri\u00f3 nunca\u201d.<\/p>\n\n\n\n<p class=\"wp-block-paragraph\">Por \u00faltimo, el l\u00edder del campeonato, Leonel Pern\u00eda, destac\u00f3 \u201cel carrer\u00f3n que se mandaron Berni y Tiago\u201d, aunque no qued\u00f3 del todo conforme por el resultado: \u201cNo cumplimos con el objetivo de quedar adelante de Berni, que se nos acerca en el campeonato\u201d.<\/p>\n\n\n\n<p class=\"wp-block-paragraph\">Las primeras 10 posiciones del TC2000 en San Juan<br>1- Tiago Pern\u00eda (Renault): 36:46, 405<\/p>\n\n\n\n<p class=\"wp-block-paragraph\">2- Bernardo Llaver (Honda): +0,494<\/p>\n\n\n\n<p class=\"wp-block-paragraph\">3- Leonel Pern\u00eda (Renault): +6,411<\/p>\n\n\n\n<p class=\"wp-block-paragraph\">4- Franco Vivian (Honda): +6,859<\/p>\n\n\n\n<p class=\"wp-block-paragraph\">5- Mat\u00edas Rossi (Toyota): +12,488<\/p>\n\n\n\n<p class=\"wp-block-paragraph\">6- Gabriel Ponce de Le\u00f3n (Toyota): +14,258<\/p>\n\n\n\n<p class=\"wp-block-paragraph\">7- Mat\u00edas Capurro (Renault): +19,423<\/p>\n\n\n\n<p class=\"wp-block-paragraph\">8- Figgo Bessone (Renault): +29,486<\/p>\n\n\n\n<p class=\"wp-block-paragraph\">9- Ignacio M\u00e9ndez (Chevrolet): +30,480<\/p>\n\n\n\n<p class=\"wp-block-paragraph\">10- Marcelo Ciarrocchi (Toyota): +32,572<\/p>\n","protected":false},"excerpt":{"rendered":"<p>Tiago Pern\u00eda<\/p>\n","protected":false},"author":1,"featured_media":53197,"comment_status":"closed","ping_status":"closed","sticky":false,"template":"","format":"standard","meta":{"footnotes":""},"categories":[6],"tags":[86],"class_list":["post-53196","post","type-post","status-publish","format-standard","has-post-thumbnail","hentry","category-deportes","tag-automovilismo"],"_links":{"self":[{"href":"https:\/\/panoramadelsur.com.ar\/index.php?rest_route=\/wp\/v2\/posts\/53196","targetHints":{"allow":["GET"]}}],"collection":[{"href":"https:\/\/panoramadelsur.com.ar\/index.php?rest_route=\/wp\/v2\/posts"}],"about":[{"href":"https:\/\/panoramadelsur.com.ar\/index.php?rest_route=\/wp\/v2\/types\/post"}],"author":[{"embeddable":true,"href":"https:\/\/panoramadelsur.com.ar\/index.php?rest_route=\/wp\/v2\/users\/1"}],"replies":[{"embeddable":true,"href":"https:\/\/panoramadelsur.com.ar\/index.php?rest_route=%2Fwp%2Fv2%2Fcomments&post=53196"}],"version-history":[{"count":1,"href":"https:\/\/panoramadelsur.com.ar\/index.php?rest_route=\/wp\/v2\/posts\/53196\/revisions"}],"predecessor-version":[{"id":53198,"href":"https:\/\/panoramadelsur.com.ar\/index.php?rest_route=\/wp\/v2\/posts\/53196\/revisions\/53198"}],"wp:featuredmedia":[{"embeddable":true,"href":"https:\/\/panoramadelsur.com.ar\/index.php?rest_route=\/wp\/v2\/media\/53197"}],"wp:attachment":[{"href":"https:\/\/panoramadelsur.com.ar\/index.php?rest_route=%2Fwp%2Fv2%2Fmedia&parent=53196"}],"wp:term":[{"taxonomy":"category","embeddable":true,"href":"https:\/\/panoramadelsur.com.ar\/index.php?rest_route=%2Fwp%2Fv2%2Fcategories&post=53196"},{"taxonomy":"post_tag","embeddable":true,"href":"https:\/\/panoramadelsur.com.ar\/index.php?rest_route=%2Fwp%2Fv2%2Ftags&post=53196"}],"curies":[{"name":"wp","href":"https:\/\/api.w.org\/{rel}","templated":true}]}}