{"id":53199,"date":"2024-06-24T01:06:00","date_gmt":"2024-06-24T04:06:00","guid":{"rendered":"https:\/\/panoramadelsur.com.ar\/?p=53199"},"modified":"2024-06-23T16:06:09","modified_gmt":"2024-06-23T19:06:09","slug":"murray-queda-descartado-para-wimbledon-tras-someterse-a-operacion-de-espalda","status":"publish","type":"post","link":"https:\/\/panoramadelsur.com.ar\/?p=53199","title":{"rendered":"MURRAY QUEDA DESCARTADO PARA WIMBLEDON TRAS SOMETERSE A OPERACI\u00d3N DE ESPALDA"},"content":{"rendered":"\n<p class=\"wp-block-paragraph\">El tenista escoc\u00e9s Andy Murray se perder\u00e1 el torneo de Wimbledon tras someterse a una operaci\u00f3n de espalda, anunci\u00f3 la ATP el domingo.<\/p>\n\n\n\n<p class=\"wp-block-paragraph\">\u00abDespu\u00e9s de una operaci\u00f3n en un quiste espinal, Andy Murray qued\u00f3 tristemente fuera de Wimbledon\u00bb, dijo la ATP en la red social X. \u00abDescansa y recup\u00e9rate Andy, echaremos de menos verte all\u00ed\u00bb.<\/p>\n\n\n\n<p class=\"wp-block-paragraph\">Tras una victoria sobre Alexei Popyrin en el Queen&#8217;s Club Championships en su partido n\u00famero 1.000 en el circuito de individuales, Murray se retir\u00f3 lesionado cuando iba perdiendo 4-1 en el primer set de su partido de segunda ronda contra Jordan Thompson el mi\u00e9rcoles.<\/p>\n\n\n\n<p class=\"wp-block-paragraph\">El problema se agrav\u00f3 con la participaci\u00f3n de Murray en el Abierto de Francia y deja al ex n\u00famero uno del mundo fuera de Wimbledon, donde gan\u00f3 dos de sus tres t\u00edtulos de Grand Slam.<\/p>\n\n\n\n<p class=\"wp-block-paragraph\">Murray, de 37 a\u00f1os, insufl\u00f3 nueva vida a su carrera despu\u00e9s de someterse a una cirug\u00eda de cadera en 2019, pero ha tenido problemas para avanzar a las \u00faltimas etapas de los torneos m\u00e1s importantes y recientemente tuvo que lidiar con una lesi\u00f3n de tobillo sufrida en el Abierto de Miami en marzo.<\/p>\n\n\n\n<p class=\"wp-block-paragraph\">El doble medallista de oro ol\u00edmpico hab\u00eda dicho previamente que era poco probable que siguiera jugando la pr\u00f3xima temporada y ser\u00eda un final apropiado para su brillante carrera retirarse en el All England Club o en los Juegos de Par\u00eds.<\/p>\n\n\n\n<p class=\"wp-block-paragraph\">Wimbledon se disputar\u00e1 del 1 al 14 de julio, mientras que la competici\u00f3n ol\u00edmpica comenzar\u00e1 el 27 de julio.<\/p>\n","protected":false},"excerpt":{"rendered":"<p>El tenista<\/p>\n","protected":false},"author":1,"featured_media":53200,"comment_status":"closed","ping_status":"closed","sticky":false,"template":"","format":"standard","meta":{"footnotes":""},"categories":[6],"tags":[115],"class_list":["post-53199","post","type-post","status-publish","format-standard","has-post-thumbnail","hentry","category-deportes","tag-tenis"],"_links":{"self":[{"href":"https:\/\/panoramadelsur.com.ar\/index.php?rest_route=\/wp\/v2\/posts\/53199","targetHints":{"allow":["GET"]}}],"collection":[{"href":"https:\/\/panoramadelsur.com.ar\/index.php?rest_route=\/wp\/v2\/posts"}],"about":[{"href":"https:\/\/panoramadelsur.com.ar\/index.php?rest_route=\/wp\/v2\/types\/post"}],"author":[{"embeddable":true,"href":"https:\/\/panoramadelsur.com.ar\/index.php?rest_route=\/wp\/v2\/users\/1"}],"replies":[{"embeddable":true,"href":"https:\/\/panoramadelsur.com.ar\/index.php?rest_route=%2Fwp%2Fv2%2Fcomments&post=53199"}],"version-history":[{"count":1,"href":"https:\/\/panoramadelsur.com.ar\/index.php?rest_route=\/wp\/v2\/posts\/53199\/revisions"}],"predecessor-version":[{"id":53201,"href":"https:\/\/panoramadelsur.com.ar\/index.php?rest_route=\/wp\/v2\/posts\/53199\/revisions\/53201"}],"wp:featuredmedia":[{"embeddable":true,"href":"https:\/\/panoramadelsur.com.ar\/index.php?rest_route=\/wp\/v2\/media\/53200"}],"wp:attachment":[{"href":"https:\/\/panoramadelsur.com.ar\/index.php?rest_route=%2Fwp%2Fv2%2Fmedia&parent=53199"}],"wp:term":[{"taxonomy":"category","embeddable":true,"href":"https:\/\/panoramadelsur.com.ar\/index.php?rest_route=%2Fwp%2Fv2%2Fcategories&post=53199"},{"taxonomy":"post_tag","embeddable":true,"href":"https:\/\/panoramadelsur.com.ar\/index.php?rest_route=%2Fwp%2Fv2%2Ftags&post=53199"}],"curies":[{"name":"wp","href":"https:\/\/api.w.org\/{rel}","templated":true}]}}