{"id":53208,"date":"2024-06-24T01:05:00","date_gmt":"2024-06-24T04:05:00","guid":{"rendered":"https:\/\/panoramadelsur.com.ar\/?p=53208"},"modified":"2024-06-24T19:18:07","modified_gmt":"2024-06-24T22:18:07","slug":"a-pesar-del-clima-mas-de-cien-mil-turistas-visitaron-mar-del-plata","status":"publish","type":"post","link":"https:\/\/panoramadelsur.com.ar\/?p=53208","title":{"rendered":"A PESAR DEL CLIMA, M\u00c1S DE CIEN MIL TURISTAS VISITARON MAR DEL PLATA"},"content":{"rendered":"\n<p>A pesar del mal tiempo,\u00a0m\u00e1s de cien mil turistas visitaron este fin de semana la ciudad de Mar del Plata aprovechando el feriado largo por el D\u00eda de la Bandera.\u00a0<\/p>\n\n\n\n<p>As\u00ed lo inform\u00f3 el Ente Municipal de Turismo y Cultura (Emturyc), que indic\u00f3 que la ocupaci\u00f3n hotelera para estos cuatro d\u00edas de feriado alcanz\u00f3 el 70 por ciento.&nbsp;<\/p>\n\n\n\n<p>La ciudad atl\u00e1ntica abri\u00f3 sus distintos atractivos en medo de un clima invernal fr\u00edo y con lluvias aisladas, t\u00edpico de esta parte del a\u00f1o.<\/p>\n\n\n\n<p>&nbsp;De acuerdo cp los registros del Emturyc, llegaron a Mar del Plata 104.397 personas.&nbsp; A su vez, en el informe replicado por el portal del diario local&nbsp;<em>La Capital,<\/em>&nbsp;se indica que el total de 346.713 visitantes entre el primero y el 21 de junio, con una reducci\u00f3n del 1,1 por ciento con respecto a igual per\u00edodo de 2023.&nbsp;<\/p>\n\n\n\n<p>\u00a0\u201cCelebro que entre las prioridades de los argentinos siga estando venir a Mar del Plata\u201d, expres\u00f3 al intendente de General Pueyrred\u00f3n, Guillermo Montenegro, al replicar los datos brindados por el ente a trav\u00e9s de su cuenta de X.\u00a0<\/p>\n\n\n\n<p>Buena ocupaci\u00f3n hotelera en C\u00f3rdoba, con agradable clima<\/p>\n\n\n\n<p>En C\u00f3rdoba, donde el clima acompa\u00f1\u00f3 al menos hasta el s\u00e1bado con sol y temperaturas templadas casi primaverales, los datos eran m\u00e1s auspiciosos en cuanto al movimiento tur\u00edstico, ya que indicaban que la ocupaci\u00f3n hotelera promedi\u00f3 un 80 por ciento en el fin de semana largo.<\/p>\n\n\n\n<p>Uno de los lugares m\u00e1s elegidos por los visitantes fue la ciudad de Carlos Paz, donde el titular local del \u00e1rea, Sebasti\u00e1n Boldrini, expres\u00f3: \u00abEstamos al 100% en lo que es hoteler\u00eda cuatro estrellas y estamos al 98% en lo que respecta a alojamientos de tres estrellas. La gente se ha manifestado de buena manera. El promedio de pernoctaci\u00f3n es de dos a tres noches\u00bb.<\/p>\n\n\n\n<p>Seg\u00fan el sitio de Cadena 3, en el Valle de Punilla, tambi\u00e9n se registr\u00f3 un alto nivel de ocupaci\u00f3n, con porcentajes que oscilan entre el 76% y el 90%.<\/p>\n\n\n\n<p>&nbsp;En Traslasierra, el secretario de Turismo de San Javier, Leonardo Rodr\u00edguez, habl\u00f3 de \u00abun feriado muy bueno, con una ocupaci\u00f3n del 85%, que es un muy buen n\u00famero para nosotros\u00bb.<\/p>\n\n\n\n<p>En la zona norte de la provincia, en Jes\u00fas Mar\u00eda, en el \u00e1rea de turismo, refirieron a\u00a0\u00abun gran fin de semana largo con much\u00edsimo movimiento de turistas de diferentes procedencias\u00bb\u00a0y aseguraban que \u00abla ocupaci\u00f3n es muy buena\u00bb.<\/p>\n","protected":false},"excerpt":{"rendered":"<p>A pesar<\/p>\n","protected":false},"author":1,"featured_media":53209,"comment_status":"closed","ping_status":"closed","sticky":false,"template":"","format":"standard","meta":{"footnotes":""},"categories":[5],"tags":[27],"class_list":["post-53208","post","type-post","status-publish","format-standard","has-post-thumbnail","hentry","category-provincia","tag-provincia"],"_links":{"self":[{"href":"https:\/\/panoramadelsur.com.ar\/index.php?rest_route=\/wp\/v2\/posts\/53208","targetHints":{"allow":["GET"]}}],"collection":[{"href":"https:\/\/panoramadelsur.com.ar\/index.php?rest_route=\/wp\/v2\/posts"}],"about":[{"href":"https:\/\/panoramadelsur.com.ar\/index.php?rest_route=\/wp\/v2\/types\/post"}],"author":[{"embeddable":true,"href":"https:\/\/panoramadelsur.com.ar\/index.php?rest_route=\/wp\/v2\/users\/1"}],"replies":[{"embeddable":true,"href":"https:\/\/panoramadelsur.com.ar\/index.php?rest_route=%2Fwp%2Fv2%2Fcomments&post=53208"}],"version-history":[{"count":1,"href":"https:\/\/panoramadelsur.com.ar\/index.php?rest_route=\/wp\/v2\/posts\/53208\/revisions"}],"predecessor-version":[{"id":53210,"href":"https:\/\/panoramadelsur.com.ar\/index.php?rest_route=\/wp\/v2\/posts\/53208\/revisions\/53210"}],"wp:featuredmedia":[{"embeddable":true,"href":"https:\/\/panoramadelsur.com.ar\/index.php?rest_route=\/wp\/v2\/media\/53209"}],"wp:attachment":[{"href":"https:\/\/panoramadelsur.com.ar\/index.php?rest_route=%2Fwp%2Fv2%2Fmedia&parent=53208"}],"wp:term":[{"taxonomy":"category","embeddable":true,"href":"https:\/\/panoramadelsur.com.ar\/index.php?rest_route=%2Fwp%2Fv2%2Fcategories&post=53208"},{"taxonomy":"post_tag","embeddable":true,"href":"https:\/\/panoramadelsur.com.ar\/index.php?rest_route=%2Fwp%2Fv2%2Ftags&post=53208"}],"curies":[{"name":"wp","href":"https:\/\/api.w.org\/{rel}","templated":true}]}}