{"id":53217,"date":"2024-06-24T01:02:00","date_gmt":"2024-06-24T04:02:00","guid":{"rendered":"https:\/\/panoramadelsur.com.ar\/?p=53217"},"modified":"2024-06-23T18:37:03","modified_gmt":"2024-06-23T21:37:03","slug":"atencion-veterinaria-gratuita-en-don-jose","status":"publish","type":"post","link":"https:\/\/panoramadelsur.com.ar\/?p=53217","title":{"rendered":"ATENCI\u00d3N VETERINARIA GRATUITA EN DON JOS\u00c9"},"content":{"rendered":"\n<p class=\"wp-block-paragraph\">El dispositivo itinerante destinado a mascotas estar\u00e1 tanto el martes 25 como el jueves 27 de junio de 9 a 12 hs. en el Sal\u00f3n de Usos M\u00faltiples ubicado en calle La Aguada, entre 437 y El Apero.<\/p>\n\n\n\n<p class=\"wp-block-paragraph\">En una edici\u00f3n anterior, Rosa asiste junto a su perrita \u201cChila\u201d. \u201cMe parece una iniciativa espectacular\u201d, expresa. \u201cDe otra manera, tendr\u00edamos que viajar m\u00e1s lejos y pagar. Este operativo cerca de casa es muy c\u00f3modo. Que sea gratis, mucho mejor\u201d, agrega.<\/p>\n\n\n\n<p class=\"wp-block-paragraph\">El servicio que ofrece la Comuna cuenta con vacunaci\u00f3n antirr\u00e1bica, desparasitaci\u00f3n interna y castraci\u00f3n. Para la \u00faltima intervenci\u00f3n mencionada, solicitar turno al 0800-999-1234, opci\u00f3n 2.<\/p>\n","protected":false},"excerpt":{"rendered":"<p>El dispositivo<\/p>\n","protected":false},"author":1,"featured_media":53218,"comment_status":"closed","ping_status":"closed","sticky":false,"template":"","format":"standard","meta":{"footnotes":""},"categories":[8,3],"tags":[30],"class_list":["post-53217","post","type-post","status-publish","format-standard","has-post-thumbnail","hentry","category-para-agendar","category-regionales","tag-varela"],"_links":{"self":[{"href":"https:\/\/panoramadelsur.com.ar\/index.php?rest_route=\/wp\/v2\/posts\/53217","targetHints":{"allow":["GET"]}}],"collection":[{"href":"https:\/\/panoramadelsur.com.ar\/index.php?rest_route=\/wp\/v2\/posts"}],"about":[{"href":"https:\/\/panoramadelsur.com.ar\/index.php?rest_route=\/wp\/v2\/types\/post"}],"author":[{"embeddable":true,"href":"https:\/\/panoramadelsur.com.ar\/index.php?rest_route=\/wp\/v2\/users\/1"}],"replies":[{"embeddable":true,"href":"https:\/\/panoramadelsur.com.ar\/index.php?rest_route=%2Fwp%2Fv2%2Fcomments&post=53217"}],"version-history":[{"count":1,"href":"https:\/\/panoramadelsur.com.ar\/index.php?rest_route=\/wp\/v2\/posts\/53217\/revisions"}],"predecessor-version":[{"id":53219,"href":"https:\/\/panoramadelsur.com.ar\/index.php?rest_route=\/wp\/v2\/posts\/53217\/revisions\/53219"}],"wp:featuredmedia":[{"embeddable":true,"href":"https:\/\/panoramadelsur.com.ar\/index.php?rest_route=\/wp\/v2\/media\/53218"}],"wp:attachment":[{"href":"https:\/\/panoramadelsur.com.ar\/index.php?rest_route=%2Fwp%2Fv2%2Fmedia&parent=53217"}],"wp:term":[{"taxonomy":"category","embeddable":true,"href":"https:\/\/panoramadelsur.com.ar\/index.php?rest_route=%2Fwp%2Fv2%2Fcategories&post=53217"},{"taxonomy":"post_tag","embeddable":true,"href":"https:\/\/panoramadelsur.com.ar\/index.php?rest_route=%2Fwp%2Fv2%2Ftags&post=53217"}],"curies":[{"name":"wp","href":"https:\/\/api.w.org\/{rel}","templated":true}]}}