{"id":53227,"date":"2024-06-24T01:07:00","date_gmt":"2024-06-24T04:07:00","guid":{"rendered":"https:\/\/panoramadelsur.com.ar\/?p=53227"},"modified":"2024-06-23T18:51:48","modified_gmt":"2024-06-23T21:51:48","slug":"jornadas-de-asesoramiento-integral-y-comercializacion-de-produccion-local-en-barrios-varelenses","status":"publish","type":"post","link":"https:\/\/panoramadelsur.com.ar\/?p=53227","title":{"rendered":"JORNADAS DE ASESORAMIENTO INTEGRAL Y COMERCIALIZACI\u00d3N DE PRODUCCI\u00d3N LOCAL EN BARRIOS VARELENSES\u00a0\u00a0"},"content":{"rendered":"\n<p class=\"wp-block-paragraph\">El gobierno municipal coordina dispositivos territoriales, multidisciplinarios e itinerantes con prestaciones gratuitas de todas sus carteras junto al mercado con venta directa de bienes de la canasta b\u00e1sica a precios accesibles.<\/p>\n\n\n\n<p class=\"wp-block-paragraph\">La primera de las propuestas es el martes 25 de junio de 10 a 14 hs. en plaza La Carolina, situada en calle 1148 y Diagonal Los Yaganes -Ingeniero Allan-. En el lugar, los vecinos y las vecinas encontrar\u00e1n distintos cortes de carne, verduras, frutas, l\u00e1cteos, pastas, panificados m\u00e1s una variedad de emprendimientos locales.<\/p>\n\n\n\n<p class=\"wp-block-paragraph\">Adem\u00e1s, la Comuna dispondr\u00e1 stands con atenci\u00f3n a la ciudadan\u00eda: turnos para Documento Nacional de Identidad, Ventanilla \u00danica y Call Center.<\/p>\n\n\n\n<p class=\"wp-block-paragraph\">De igual manera, la Intendencia programa una jornada integral en el barrio Tri\u00e1ngulo de Don Jos\u00e9 el viernes 28 del corriente mes de 10 a 14 hs. en el predio ubicado en Diagonal 1, entre 437 y 439.<\/p>\n\n\n\n<p class=\"wp-block-paragraph\">La iniciativa incluir\u00e1 puestos para documentaci\u00f3n, Defensa del Consumidor, gesti\u00f3n ambiental, \u00abEnvi\u00f3n\u00bb, plan FinEs, juventud, empleo, g\u00e9nero, discapacidad, inmunizaci\u00f3n antirr\u00e1bica y desparasitaci\u00f3n de mascotas, vacunaci\u00f3n de Calendario Nacional m\u00e1s anti Covid-19, llenado de libretas, entre otras acciones.<\/p>\n","protected":false},"excerpt":{"rendered":"<p>El gobierno<\/p>\n","protected":false},"author":1,"featured_media":53228,"comment_status":"closed","ping_status":"closed","sticky":false,"template":"","format":"standard","meta":{"footnotes":""},"categories":[3],"tags":[30],"class_list":["post-53227","post","type-post","status-publish","format-standard","has-post-thumbnail","hentry","category-regionales","tag-varela"],"_links":{"self":[{"href":"https:\/\/panoramadelsur.com.ar\/index.php?rest_route=\/wp\/v2\/posts\/53227","targetHints":{"allow":["GET"]}}],"collection":[{"href":"https:\/\/panoramadelsur.com.ar\/index.php?rest_route=\/wp\/v2\/posts"}],"about":[{"href":"https:\/\/panoramadelsur.com.ar\/index.php?rest_route=\/wp\/v2\/types\/post"}],"author":[{"embeddable":true,"href":"https:\/\/panoramadelsur.com.ar\/index.php?rest_route=\/wp\/v2\/users\/1"}],"replies":[{"embeddable":true,"href":"https:\/\/panoramadelsur.com.ar\/index.php?rest_route=%2Fwp%2Fv2%2Fcomments&post=53227"}],"version-history":[{"count":1,"href":"https:\/\/panoramadelsur.com.ar\/index.php?rest_route=\/wp\/v2\/posts\/53227\/revisions"}],"predecessor-version":[{"id":53229,"href":"https:\/\/panoramadelsur.com.ar\/index.php?rest_route=\/wp\/v2\/posts\/53227\/revisions\/53229"}],"wp:featuredmedia":[{"embeddable":true,"href":"https:\/\/panoramadelsur.com.ar\/index.php?rest_route=\/wp\/v2\/media\/53228"}],"wp:attachment":[{"href":"https:\/\/panoramadelsur.com.ar\/index.php?rest_route=%2Fwp%2Fv2%2Fmedia&parent=53227"}],"wp:term":[{"taxonomy":"category","embeddable":true,"href":"https:\/\/panoramadelsur.com.ar\/index.php?rest_route=%2Fwp%2Fv2%2Fcategories&post=53227"},{"taxonomy":"post_tag","embeddable":true,"href":"https:\/\/panoramadelsur.com.ar\/index.php?rest_route=%2Fwp%2Fv2%2Ftags&post=53227"}],"curies":[{"name":"wp","href":"https:\/\/api.w.org\/{rel}","templated":true}]}}