{"id":53238,"date":"2024-06-24T01:01:00","date_gmt":"2024-06-24T04:01:00","guid":{"rendered":"https:\/\/panoramadelsur.com.ar\/?p=53238"},"modified":"2024-06-24T19:12:38","modified_gmt":"2024-06-24T22:12:38","slug":"la-actividad-economica-profundizo-la-caida-a-un-51-interanual-en-el-primer-trimestre-del-ano","status":"publish","type":"post","link":"https:\/\/panoramadelsur.com.ar\/?p=53238","title":{"rendered":"LA ACTIVIDAD ECON\u00d3MICA PROFUNDIZ\u00d3 LA CA\u00cdDA A UN 5,1% INTERANUAL EN EL PRIMER TRIMESTRE DEL A\u00d1O"},"content":{"rendered":"\n<p class=\"wp-block-paragraph\">En el primer trimestre de 2024, el producto interno bruto (PIB) profundiz\u00f3 su ca\u00edda un 5,1% en la comparaci\u00f3n interanual, inform\u00f3 el INDEC.&nbsp;<\/p>\n\n\n\n<p class=\"wp-block-paragraph\">Respecto al trimestre anterior, la ca\u00edda fue de &nbsp;2,6% en t\u00e9rminos desestacionalizados. En cuanto a la demanda, solamente tuvieron un incremento trimestral, en t\u00e9rminos desestacionalizados, las Exportaciones con 11,1% producto de la devaluaci\u00f3n.&nbsp;<\/p>\n\n\n\n<p class=\"wp-block-paragraph\">En la comparaci\u00f3n interanual, entre los componentes de la demanda, el mayor descenso se observ\u00f3 en la Formaci\u00f3n bruta de capital fijo, con -23,4% interanual (ia).&nbsp;<\/p>\n\n\n\n<p class=\"wp-block-paragraph\">Por el lado de los sectores de actividad, se destacan los descensos en Construcci\u00f3n (-19,7% ia) golpeado por el parate de la obra p\u00fablica, la Industria manufacturera (-13,7% ia) por el freno a la actividad preponderantemente por la ca\u00edda del consumo y las actividades de Intermediaci\u00f3n financiera (-13,0 ia).<\/p>\n\n\n\n<p class=\"wp-block-paragraph\">&nbsp;En cambio, con un mejor tipo de cambio y ya sin sequia creci\u00f3 el sector de Agricultura, ganader\u00eda, caza y silvicultura (10,2% ia).<\/p>\n\n\n\n<p class=\"wp-block-paragraph\">Por su parte, el\u00a0consumo, componente de mayor peso en lo que se produce fronteras adentro del pa\u00eds, registr\u00f3 una\u00a0ca\u00edda del 6,7%, mientras que el gasto p\u00fablico se redujo 5%. El primer indicador, en l\u00ednea con el golpe que sufri\u00f3 el poder adquisitivo por los altos niveles inflacionarios y el segundo, con el fuerte ajuste de gasto que est\u00e1 llevando a cabo la administraci\u00f3n Milei.\u00a0<\/p>\n\n\n\n<p class=\"wp-block-paragraph\">La performance del comercio exterior compens\u00f3 parcialmente las bajas, ya que\u00a0las exportaciones mejoraron 26,4%\u00a0respecto del a\u00f1o pasado, en buena parte debido a la baja base comparaci\u00f3n ya que 2023 estuvo atravesado por una de las peores sequ\u00edas de la historia, lo cual perjudic\u00f3 las ventas externas de los principales cultivos del pa\u00eds.<\/p>\n","protected":false},"excerpt":{"rendered":"<p>En el<\/p>\n","protected":false},"author":1,"featured_media":53239,"comment_status":"closed","ping_status":"closed","sticky":false,"template":"","format":"standard","meta":{"footnotes":""},"categories":[1,4],"tags":[],"class_list":["post-53238","post","type-post","status-publish","format-standard","has-post-thumbnail","hentry","category-destacados","category-nacionales"],"_links":{"self":[{"href":"https:\/\/panoramadelsur.com.ar\/index.php?rest_route=\/wp\/v2\/posts\/53238","targetHints":{"allow":["GET"]}}],"collection":[{"href":"https:\/\/panoramadelsur.com.ar\/index.php?rest_route=\/wp\/v2\/posts"}],"about":[{"href":"https:\/\/panoramadelsur.com.ar\/index.php?rest_route=\/wp\/v2\/types\/post"}],"author":[{"embeddable":true,"href":"https:\/\/panoramadelsur.com.ar\/index.php?rest_route=\/wp\/v2\/users\/1"}],"replies":[{"embeddable":true,"href":"https:\/\/panoramadelsur.com.ar\/index.php?rest_route=%2Fwp%2Fv2%2Fcomments&post=53238"}],"version-history":[{"count":1,"href":"https:\/\/panoramadelsur.com.ar\/index.php?rest_route=\/wp\/v2\/posts\/53238\/revisions"}],"predecessor-version":[{"id":53240,"href":"https:\/\/panoramadelsur.com.ar\/index.php?rest_route=\/wp\/v2\/posts\/53238\/revisions\/53240"}],"wp:featuredmedia":[{"embeddable":true,"href":"https:\/\/panoramadelsur.com.ar\/index.php?rest_route=\/wp\/v2\/media\/53239"}],"wp:attachment":[{"href":"https:\/\/panoramadelsur.com.ar\/index.php?rest_route=%2Fwp%2Fv2%2Fmedia&parent=53238"}],"wp:term":[{"taxonomy":"category","embeddable":true,"href":"https:\/\/panoramadelsur.com.ar\/index.php?rest_route=%2Fwp%2Fv2%2Fcategories&post=53238"},{"taxonomy":"post_tag","embeddable":true,"href":"https:\/\/panoramadelsur.com.ar\/index.php?rest_route=%2Fwp%2Fv2%2Ftags&post=53238"}],"curies":[{"name":"wp","href":"https:\/\/api.w.org\/{rel}","templated":true}]}}