{"id":53244,"date":"2024-06-24T01:02:00","date_gmt":"2024-06-24T04:02:00","guid":{"rendered":"https:\/\/panoramadelsur.com.ar\/?p=53244"},"modified":"2024-06-24T19:27:51","modified_gmt":"2024-06-24T22:27:51","slug":"kicillof-la-inversion-de-ypf-en-bahia-blanca-no-puede-quedar-enredada-en-cuestiones-partidarias-y-coyunturales","status":"publish","type":"post","link":"https:\/\/panoramadelsur.com.ar\/?p=53244","title":{"rendered":"KICILLOF: \u00abLA INVERSI\u00d3N DE YPF EN BAH\u00cdA BLANCA NO PUEDE QUEDAR ENREDADA EN CUESTIONES PARTIDARIAS Y COYUNTURALES\u00bb"},"content":{"rendered":"\n<p>El gobernador de la provincia de Buenos Aires, Axel Kicillof, desde la habitual conferencia de prensa, afirm\u00f3 que \u00ab<em>la inversi\u00f3n de YPF en Bah\u00eda Blanca no puede quedar enredada en cuestiones partidarias y coyunturales<\/em>\u00ab.<\/p>\n\n\n\n<p>Adem\u00e1s de anunciar\u00a0subas en planes alimentarios, tarifas de transporte y programas culturales de la Provincia,\u00a0se refiri\u00f3 al proyecto de\u00a0gas licuado\u00a0que \u201c<em>ya hab\u00eda sido aprobado sin el R\u00e9gimen de Incentivo para Grandes Inversiones<\/em>\u00a0(RIGI)\u201d, en un acuerdo entre las compa\u00f1\u00edas Petronas e YPF en 2023, y que fue el resultado \u00ab<em>de la planificaci\u00f3n virtuosa del Estado\u00bb\u00a0<\/em>con la recuperaci\u00f3n de la petrolera nacional \u00ab<em>y la puesta en marcha de Vaca Muerta gracias a Cristina Fern\u00e1ndez de Kirchner<\/em>\u201d.<\/p>\n\n\n\n<p>\u00abHay muchas empresas que hab\u00edan decidido hacer inversiones y que ahora est\u00e1n a la espera de beneficios que no pidieron ni necesitaban: las preguntas que debemos hacernos es por qu\u00e9 y para beneficio de qui\u00e9n lo hacen<strong>\u201d<\/strong>, asever\u00f3 el gobernador.<\/p>\n\n\n\n<p>Por otra parte, declar\u00f3 que,\u00a0ante la \u201causencia, abandono y deserci\u00f3n del gobierno nacional\u201d est\u00e1 el \u201cesfuerzo del Gobierno provincial\u00a0para apoyar acompa\u00f1ar y defender a las familias y a los trabajadores\u201d.<\/p>\n\n\n\n<p>Acompa\u00f1ado por el ministro de Gobierno, Carlos Bianco; su par de transporte, Jorge D\u2019Onofrio, y la presidenta del Instituto Cultural de la Provincia, Florencia Saintout,\u00a0confirm\u00f3 que realizaron \u201cuna important\u00edsima inversi\u00f3n\u201d de 600.000 millones de pesos mensuales destinados en comedores escolares mensuales, que a su vez beneficia a dos millones de familias, dado que se trata del programa MESA que son alimentos que se retiran en las escuelas.<\/p>\n\n\n\n<p>Asimismo, se\u00f1al\u00f3 que, ante la suba de tarifas de transporte en el interior de la provincia debido a que el Gobierno Nacional \u201c<em>interrumpi\u00f3<\/em>\u201d quitando los fondos que correspond\u00eda para \u201csostener tarifas accesibles\u201d,\u00a0la provincia de Buenos Aires \u201c<em>hace un esfuerzo para sostener y acompa\u00f1ar el precio de los boletos de colectivos<\/em>\u201d, mientras el tema est\u00e1 \u201cjudicializado ante la Corte Suprema\u201d.<\/p>\n\n\n\n<p>Por su parte, Bianco comunic\u00f3 que desde el Ministerio de Desarrollo de la Comunidad conducido por Andr\u00e9s Larroque \u201c<em>se decidi\u00f3 un aumento del 100%<\/em>\u201d en los montos de los planes de acompa\u00f1amiento alimentario en la Provincia.<\/p>\n\n\n\n<p>\u201cEl programa \u2018M\u00e1s vida\u2019 que tiene como beneficiarias mujeres embarazadas y madres de chicos entre 0 y 6 a\u00f1os que no tienen ninguna otra asistencia alimentaria pasar\u00e1 de $12.300 a $24.600. Por su parte, el Programa de Asistencia Alimentaria al Paciente Cel\u00edaco (PAAC) y el Programa de Asistencia Alimentaria para personas que viven con VIH (PAAI) los montos van a pasar este mes de $18.700 a $37.400\u201d, sostuvo el ministro de Gobierno.<\/p>\n\n\n\n<p>Adem\u00e1s, record\u00f3 que, ma\u00f1ana martes 25, se realizar\u00e1 la tercera jornada que tiene como finalidad profundizar el programa de escrituraci\u00f3n social que est\u00e1 llevando adelante el gobierno provincial en todos los municipios y llevar adelante \u201cun proceso de debate hist\u00f3rico\u201d para discutir el decreto 8912, una ley que se instal\u00f3 en la \u00faltima dictadura militar, \u201cque se dict\u00f3 con objetivos en materia de tierras y viviendas muy distinto a los que planteamos en democracia\u201d y que por ese motivo, se propone una nueva ley m\u00e1s democr\u00e1tica \u201cen materia de ordenamiento urbano y territorial y que involucre los aspectos vinculados al acceso justo al h\u00e1bitat\u201d.<\/p>\n\n\n\n<p>En cuanto al \u00e1rea de transporte, el ministro D\u2019Onofrio reconfirm\u00f3 el apoyo al transporte del interior y anunci\u00f3 un importante incremento que desembolsar\u00e1 el Gobierno bonaerense; asimismo se\u00f1al\u00f3 que, mientras Buenos Aires junto a otras provincias esperan la resoluci\u00f3n de la Corte, se revisar\u00e1n las subas de las tarifas dictaminadas por la gesti\u00f3n del presidente Javier Milei.<\/p>\n\n\n\n<p>Con respecto al \u00e1rea de Cultura, Saintout notific\u00f3 inversiones en \u201c<em>siete programas vinculados a los libros y a la lectura<\/em>\u201d que proponen, mediante actividades para todas las edades, estimular y fomentar los h\u00e1bitos de lectura entre los bonaerenses.<\/p>\n\n\n\n<p>Para finalizar, el gobernador confirm\u00f3 que continuar\u00e1n los descuentos, promociones y reintegros de la Cuenta DNI durante el mes de julio y se sumar\u00e1n el 30% de descuentos en restaurantes y espect\u00e1culos con motivo de las vacaciones de invierno, porque decidieron \u201c<em>dar un espaldarazo una ayuda al bolsillo de los consumidores y de las familias de la Provincia<\/em>\u201d.<\/p>\n\n\n\n<p>\u201cHoy, en Argentina, hay una tragedia social y productiva, porque es un ataque federal. A nivel nacional, en cuanto al sector privado registrado, se han perdido 95mil puestos, y si se suman el empleo p\u00fablico y las casas particulares, hablamos de 126mil. Estos n\u00fameros tienen pocos precedentes hist\u00f3ricos y fueron acompa\u00f1ados por un desplome de salarios, que bajaron entre el 9.2 y 11.2%, y las jubilaciones. Cuando esto sucede, baja el consumo y sigue una ca\u00edda en la producci\u00f3n. No es tan dif\u00edcil de comprender. El plan de Milei no es novedoso, es de ajuste y fue repetido muchas veces, con los mismos resultados de siempre\u201d, concluy\u00f3.<\/p>\n","protected":false},"excerpt":{"rendered":"<p>El gobernador<\/p>\n","protected":false},"author":1,"featured_media":53245,"comment_status":"closed","ping_status":"closed","sticky":false,"template":"","format":"standard","meta":{"footnotes":""},"categories":[1,5],"tags":[],"class_list":["post-53244","post","type-post","status-publish","format-standard","has-post-thumbnail","hentry","category-destacados","category-provincia"],"_links":{"self":[{"href":"https:\/\/panoramadelsur.com.ar\/index.php?rest_route=\/wp\/v2\/posts\/53244","targetHints":{"allow":["GET"]}}],"collection":[{"href":"https:\/\/panoramadelsur.com.ar\/index.php?rest_route=\/wp\/v2\/posts"}],"about":[{"href":"https:\/\/panoramadelsur.com.ar\/index.php?rest_route=\/wp\/v2\/types\/post"}],"author":[{"embeddable":true,"href":"https:\/\/panoramadelsur.com.ar\/index.php?rest_route=\/wp\/v2\/users\/1"}],"replies":[{"embeddable":true,"href":"https:\/\/panoramadelsur.com.ar\/index.php?rest_route=%2Fwp%2Fv2%2Fcomments&post=53244"}],"version-history":[{"count":1,"href":"https:\/\/panoramadelsur.com.ar\/index.php?rest_route=\/wp\/v2\/posts\/53244\/revisions"}],"predecessor-version":[{"id":53246,"href":"https:\/\/panoramadelsur.com.ar\/index.php?rest_route=\/wp\/v2\/posts\/53244\/revisions\/53246"}],"wp:featuredmedia":[{"embeddable":true,"href":"https:\/\/panoramadelsur.com.ar\/index.php?rest_route=\/wp\/v2\/media\/53245"}],"wp:attachment":[{"href":"https:\/\/panoramadelsur.com.ar\/index.php?rest_route=%2Fwp%2Fv2%2Fmedia&parent=53244"}],"wp:term":[{"taxonomy":"category","embeddable":true,"href":"https:\/\/panoramadelsur.com.ar\/index.php?rest_route=%2Fwp%2Fv2%2Fcategories&post=53244"},{"taxonomy":"post_tag","embeddable":true,"href":"https:\/\/panoramadelsur.com.ar\/index.php?rest_route=%2Fwp%2Fv2%2Ftags&post=53244"}],"curies":[{"name":"wp","href":"https:\/\/api.w.org\/{rel}","templated":true}]}}