{"id":53750,"date":"2024-07-18T19:05:24","date_gmt":"2024-07-18T22:05:24","guid":{"rendered":"https:\/\/panoramadelsur.com.ar\/?p=53750"},"modified":"2024-07-18T19:05:24","modified_gmt":"2024-07-18T22:05:24","slug":"fabricas-en-su-peor-momento-en-9-anos-record-de-maquinas-paradas-y-brazos-cruzados","status":"publish","type":"post","link":"https:\/\/panoramadelsur.com.ar\/?p=53750","title":{"rendered":"F\u00c1BRICAS EN SU PEOR MOMENTO EN 9 A\u00d1OS: R\u00c9CORD DE M\u00c1QUINAS PARADAS Y BRAZOS CRUZADOS"},"content":{"rendered":"\n<p class=\"wp-block-paragraph\">El\u00a043% promedio de las l\u00edneas de producci\u00f3n de las plantas industriales\u00a0en casi todos los sectores, salvo\u00a0refinaci\u00f3n del petr\u00f3leo, se encuentra inactivo,\u00a0transcurrido casi un semestre del a\u00f1o y del Gobierno de Javier Milei.<\/p>\n\n\n\n<p class=\"wp-block-paragraph\">El \u00faltimo caso emblem\u00e1tico fue\u00a0la suspensi\u00f3n de 1.550 trabajadores durante 1 semana por parte de la firma Bridgestone,\u00a0que como agravante\u00a0lleva exportado apenas un 10% de lo proyectado en el a\u00f1o.<\/p>\n\n\n\n<p class=\"wp-block-paragraph\">La empresa adujo que\u00a0los permanentes conflictos gremia<strong>les hicieron que reemplazara la producci\u00f3n local por la de Brasil para exportar a otros paises.<\/strong><\/p>\n\n\n\n<p class=\"wp-block-paragraph\">El principal rubro en\u00a0brazos cruzados\u00a0se observa en\u00a0Productos minerales no met\u00e1licos e Industrias met\u00e1licas b\u00e1sicas, en el marco del\u00a0mayor nivel de ociosidad en 9 a\u00f1os,\u00a0excepto 2020 por la pandemia.\u00a0<\/p>\n\n\n\n<p class=\"wp-block-paragraph\">Supera 11% el mismo per\u00edodo del a\u00f1o anterior y el 7,2% al promedio de la serie, excepto 2020.<\/p>\n\n\n\n<p class=\"wp-block-paragraph\">La\u00a0recesi\u00f3n se respira en las f\u00e1bricas\u00a0y se traduce en reducci\u00f3n de los turnos de producci\u00f3n, de horas extras, suspensiones y despidos, cuando no en cierres parciales o totales de establecimientos.<\/p>\n\n\n\n<h2 class=\"wp-block-heading\"><strong>Peor que en diciembre<\/strong><\/h2>\n\n\n\n<p class=\"wp-block-paragraph\">Surge del segundo relevamiento de\u00a01.097.693 trabajadores nucleados en sindicatos industriales (CSIRA) y m\u00e1s de 60 mil empresas\u00a0que, en la actualidad, la situaci\u00f3n es mucho peor que en diciembre, juicio que se vino repitiendo en los dos \u00faltimos meses.<\/p>\n\n\n\n<p class=\"wp-block-paragraph\">En casi el\u00a080% de las empresas hubo despidos.\u00a0Solo 21,1% de los casos relevados reportan no haber sufrido desvinculaciones forzosas en el per\u00edodo que va desde diciembre a la actualidad.<\/p>\n\n\n\n<p class=\"wp-block-paragraph\">Hubo, adem\u00e1s, en este lapso suspensiones, ofrecimiento de\u00a0retiros voluntarios, jubilaciones anticipadas y recorte de horas extras.<\/p>\n\n\n\n<p class=\"wp-block-paragraph\">En ese sentido, las suspensiones fueron reconocidas por el 60% de los encuestados, los retiros voluntarios estuvieron poresentes en el 80,0% de las respuestas y las jubilaciones anticipadas, en 35,0% de las empresas.&nbsp;<\/p>\n\n\n\n<p class=\"wp-block-paragraph\">En 9 de cada 10 casos se computaron recortes de horas extras. Adelanto de vacaciones: 65,0%<\/p>\n\n\n\n<p class=\"wp-block-paragraph\">La opini\u00f3n recabada sobre la situaci\u00f3n econ\u00f3mica para la muestra es cr\u00edtica, seg\u00fan la opini\u00f3n de los gremios relevados.<\/p>\n\n\n\n<p class=\"wp-block-paragraph\">La pregunta sobre la comparaci\u00f3n respecto de diciembre fue en un 90,0% que considera desmejorada la situaci\u00f3n.<\/p>\n\n\n\n<p class=\"wp-block-paragraph\">Pero el dato m\u00e1s contundente se refleja en que\u00a05 de cada 10 respondieron que, en la actualidad, la situaci\u00f3n es mucho peor que es diciembre.<\/p>\n\n\n\n<p class=\"wp-block-paragraph\">El dato es similar al relevamiento de mayo, lo que muestra que la situaci\u00f3n no ha mejorado en los \u00faltimos dos meses.<\/p>\n\n\n\n<p class=\"wp-block-paragraph\">La\u00a0ca\u00edda de las ventas se considera un factor central. El dato tambi\u00e9n es duro: el 65% indica que cayeron las ventas m\u00e1s de 15%.<\/p>\n\n\n\n<p class=\"wp-block-paragraph\">Del mismo modo, en relaci\u00f3n con la producci\u00f3n, tambi\u00e9n el 63,2%, sostuvo que la ca\u00edda fue superior al 15%, mostrando el estrecho linkeo entre ventas y producci\u00f3n.<\/p>\n\n\n\n<h2 class=\"wp-block-heading\">Ca\u00edda de las ventas<\/h2>\n\n\n\n<p class=\"wp-block-paragraph\">El dato de\u00a0ca\u00edda de ventas\u00a0supera a la del relevamiento de mayo, que alcanz\u00f3 60,9%<\/p>\n\n\n\n<p class=\"wp-block-paragraph\">Las empresas afectadas venden mayoritariamente en el mercado local: el 52,7% de las empresas destinan m\u00e1s del 50% de sus productos al consumo en la Argentina.<\/p>\n\n\n\n<p class=\"wp-block-paragraph\">El dato de capacidad instalada ociosa publicado en el informe es coincidente con los datos nacionales:\u00a0casi 40% sostiene que se usan 6 de cada 10 m\u00e1quinas o menos (al que se le suma otro 26,3% con 30% a 40% de capacidad instalada ociosa).<\/p>\n\n\n\n<p class=\"wp-block-paragraph\">Como dato complementario, hay una disminuci\u00f3n significativa en los turnos de producci\u00f3n.&nbsp;<\/p>\n\n\n\n<p class=\"wp-block-paragraph\"><strong>El 75% de los sindicatos consultados indica que sus empresas han reducido sus turnos de producci\u00f3n.<\/strong><\/p>\n\n\n\n<p class=\"wp-block-paragraph\">En particular, el 60% se\u00f1ala que&nbsp;<strong>las empresas del sector redujeron sus turnos de producci\u00f3n hasta en un 30%, mientras que un 15,0% indic\u00f3 que la reducci\u00f3n supera el 30%.<\/strong><\/p>\n\n\n\n<p class=\"wp-block-paragraph\">En cuanto al<strong>&nbsp;pago de salarios,<\/strong>&nbsp;solo el 56% de las empresas puede abonar a sus trabajadores en las fechas de cobro establecidas.<\/p>\n\n\n\n<p class=\"wp-block-paragraph\">Al extender las consultas al \u00e1mbito de los proveedores, solo el 33,3% de las respuestas se\u00f1ala que las empresas han podido pagar a sus proveedores en tiempo y forma, mientras que\u00a0un preocupante 40% se ve obligado a realizar pagos durante el transcurso del mes.<\/p>\n\n\n\n<h2 class=\"wp-block-heading\">Las expectativas futuras<\/h2>\n\n\n\n<p class=\"wp-block-paragraph\">Las expectativas para los pr\u00f3ximos 6 meses se mantienen en niveles cr\u00edticos:\u00a095% considera que empeorar\u00e1.\u00a0<\/p>\n\n\n\n<p class=\"wp-block-paragraph\">En la comparaci\u00f3n con mayo, se percibe una leve mejora en la percepci\u00f3n que indica que, aunque la mayor\u00eda sigue sosteniendo que estar\u00e1 mucho peor, ese guarismo se reduce de 73,9% a 55,0%.<\/p>\n\n\n\n<p class=\"wp-block-paragraph\">Solo\u00a0un 5% de las empresas se mostrar\u00eda optimista respecto a mantener una situaci\u00f3n similar a la actual,\u00a0lo que evidencia un pesimismo generalizado y profundo respecto al futuro pr\u00f3ximo de la econom\u00eda.<\/p>\n\n\n\n<p class=\"wp-block-paragraph\">La evaluaci\u00f3n sobre como impactar\u00eda la Ley de Bases en las industrias respectivas es que no trajo ning\u00fan alivio.&nbsp;<\/p>\n\n\n\n<p class=\"wp-block-paragraph\">Ninguno de los sindicatos encuestados ve una mejora con esta sanci\u00f3n.<\/p>\n\n\n\n<p class=\"wp-block-paragraph\">El 65% de los encuestados indicaron que empeorar\u00e1 el funcionamiento y solo el 20% considera que estar\u00e1 igual.<\/p>\n","protected":false},"excerpt":{"rendered":"<p>El\u00a043% promedio<\/p>\n","protected":false},"author":1,"featured_media":53751,"comment_status":"closed","ping_status":"closed","sticky":false,"template":"","format":"standard","meta":{"footnotes":""},"categories":[1],"tags":[],"class_list":["post-53750","post","type-post","status-publish","format-standard","has-post-thumbnail","hentry","category-destacados"],"_links":{"self":[{"href":"https:\/\/panoramadelsur.com.ar\/index.php?rest_route=\/wp\/v2\/posts\/53750","targetHints":{"allow":["GET"]}}],"collection":[{"href":"https:\/\/panoramadelsur.com.ar\/index.php?rest_route=\/wp\/v2\/posts"}],"about":[{"href":"https:\/\/panoramadelsur.com.ar\/index.php?rest_route=\/wp\/v2\/types\/post"}],"author":[{"embeddable":true,"href":"https:\/\/panoramadelsur.com.ar\/index.php?rest_route=\/wp\/v2\/users\/1"}],"replies":[{"embeddable":true,"href":"https:\/\/panoramadelsur.com.ar\/index.php?rest_route=%2Fwp%2Fv2%2Fcomments&post=53750"}],"version-history":[{"count":1,"href":"https:\/\/panoramadelsur.com.ar\/index.php?rest_route=\/wp\/v2\/posts\/53750\/revisions"}],"predecessor-version":[{"id":53752,"href":"https:\/\/panoramadelsur.com.ar\/index.php?rest_route=\/wp\/v2\/posts\/53750\/revisions\/53752"}],"wp:featuredmedia":[{"embeddable":true,"href":"https:\/\/panoramadelsur.com.ar\/index.php?rest_route=\/wp\/v2\/media\/53751"}],"wp:attachment":[{"href":"https:\/\/panoramadelsur.com.ar\/index.php?rest_route=%2Fwp%2Fv2%2Fmedia&parent=53750"}],"wp:term":[{"taxonomy":"category","embeddable":true,"href":"https:\/\/panoramadelsur.com.ar\/index.php?rest_route=%2Fwp%2Fv2%2Fcategories&post=53750"},{"taxonomy":"post_tag","embeddable":true,"href":"https:\/\/panoramadelsur.com.ar\/index.php?rest_route=%2Fwp%2Fv2%2Ftags&post=53750"}],"curies":[{"name":"wp","href":"https:\/\/api.w.org\/{rel}","templated":true}]}}