{"id":53753,"date":"2024-07-18T19:12:36","date_gmt":"2024-07-18T22:12:36","guid":{"rendered":"https:\/\/panoramadelsur.com.ar\/?p=53753"},"modified":"2024-07-18T19:12:36","modified_gmt":"2024-07-18T22:12:36","slug":"fracasaron-las-negociaciones-y-la-secretaria-de-trabajo-definira-el-nuevo-salario-minimo-vital-y-movil","status":"publish","type":"post","link":"https:\/\/panoramadelsur.com.ar\/?p=53753","title":{"rendered":"FRACASARON LAS NEGOCIACIONES Y LA SECRETAR\u00cdA DE TRABAJO DEFINIR\u00c1 EL NUEVO SALARIO M\u00cdNIMO VITAL Y M\u00d3VIL"},"content":{"rendered":"\n<p class=\"wp-block-paragraph\">Fracasaron las negociaciones del Consejo del Salario M\u00ednimo, Vital y M\u00f3vil y el Gobierno definir\u00e1 el ajuste mediante laudo como en la \u00faltima oportunidad.<\/p>\n\n\n\n<p class=\"wp-block-paragraph\">El c\u00f3nclave entre gremios, empleadores, el Estado nacional y los gobiernos provinciales se llev\u00f3 a cabo esta tarde, primero en comisi\u00f3n, y luego en la sesi\u00f3n plenaria ordinaria del Consejo del Salario, pero no encontraron un punto de acuerdo entre lo ofrecido por las c\u00e1maras y lo demandado por los gremios.<\/p>\n\n\n\n<p class=\"wp-block-paragraph\">Seg\u00fan fuentes de las centrales sindicales, las tres centrales (CTA-A, CGT y CTA-T) unificaron posturas y solicitaron ajustes salariales partiendo en $482 mil de SMVM a julio y $505 mil a agosto, lo que significa aumentos de 106% y 116% respectivamente, mientras las c\u00e1maras empresarias ofrecieron $245 mil a julio, $253 mil agosto, $259 mil septiembre y $264 mil a octubre. Ante las significativas distancias se pas\u00f3 a un cuarto intermedio.<\/p>\n\n\n\n<p class=\"wp-block-paragraph\">Tras el parate, no hubo mejor\u00edas ni acercamientos de las partes por lo que el Consejo fracas\u00f3 y ahora el Gobierno vuelve a quedar con la responsabilidad de definir los nuevos m\u00ednimos salariales.<\/p>\n\n\n\n<p class=\"wp-block-paragraph\">El encuentro ten\u00eda el objetivo de definir un nuevo piso salarial junto con los montos m\u00ednimos y m\u00e1ximos de la prestaci\u00f3n por desempleo, en medio de un escenario que ubica al sueldo b\u00e1sico como el menor en 30 a\u00f1os.<\/p>\n\n\n\n<p class=\"wp-block-paragraph\">El \u00faltimo encuentro entre las partes, en la Secretar\u00eda de Trabajo, fue a fines de abril. En aquella oportunidad no se logr\u00f3 un acuerdo, al igual que en la primera convocatoria del a\u00f1o, y el Gobierno termin\u00f3 definiendo un aumento del 15% en el piso salarial en dos tramos (abril y mayo).<\/p>\n\n\n\n<p class=\"wp-block-paragraph\">De esta manera, el ingreso b\u00e1sico pas\u00f3 de $202.800 a $221.052 en abril para los trabajadores mensualizados, mientras que en mayo alcanz\u00f3 los $234.315,12. En cuanto a los empleados jornalizados, la hora aument\u00f3 de $1.014 a $1.105,26 en el cuarto mes del a\u00f1o y a $1,171,58 en el quinto.<\/p>\n\n\n\n<p class=\"wp-block-paragraph\">Con el actual valor, el salario m\u00ednimo tiene un poder de compra 32,1% menor del que ten\u00eda en noviembre del a\u00f1o pasado, ya que \u201clos aumentos nominales sumaron 60,5% respecto de noviembre de 2023, cuando en el mismo per\u00edodo se proyecta acumular una inflaci\u00f3n superior al 136%\u201d, de acuerdo a un informe elaborado por el Centro de Investigaci\u00f3n y Formaci\u00f3n (CIFRA) de la Central de los Trabajadores de la Argentina (CTA).<\/p>\n","protected":false},"excerpt":{"rendered":"<p>Fracasaron las<\/p>\n","protected":false},"author":1,"featured_media":53754,"comment_status":"closed","ping_status":"closed","sticky":false,"template":"","format":"standard","meta":{"footnotes":""},"categories":[1],"tags":[],"class_list":["post-53753","post","type-post","status-publish","format-standard","has-post-thumbnail","hentry","category-destacados"],"_links":{"self":[{"href":"https:\/\/panoramadelsur.com.ar\/index.php?rest_route=\/wp\/v2\/posts\/53753","targetHints":{"allow":["GET"]}}],"collection":[{"href":"https:\/\/panoramadelsur.com.ar\/index.php?rest_route=\/wp\/v2\/posts"}],"about":[{"href":"https:\/\/panoramadelsur.com.ar\/index.php?rest_route=\/wp\/v2\/types\/post"}],"author":[{"embeddable":true,"href":"https:\/\/panoramadelsur.com.ar\/index.php?rest_route=\/wp\/v2\/users\/1"}],"replies":[{"embeddable":true,"href":"https:\/\/panoramadelsur.com.ar\/index.php?rest_route=%2Fwp%2Fv2%2Fcomments&post=53753"}],"version-history":[{"count":1,"href":"https:\/\/panoramadelsur.com.ar\/index.php?rest_route=\/wp\/v2\/posts\/53753\/revisions"}],"predecessor-version":[{"id":53755,"href":"https:\/\/panoramadelsur.com.ar\/index.php?rest_route=\/wp\/v2\/posts\/53753\/revisions\/53755"}],"wp:featuredmedia":[{"embeddable":true,"href":"https:\/\/panoramadelsur.com.ar\/index.php?rest_route=\/wp\/v2\/media\/53754"}],"wp:attachment":[{"href":"https:\/\/panoramadelsur.com.ar\/index.php?rest_route=%2Fwp%2Fv2%2Fmedia&parent=53753"}],"wp:term":[{"taxonomy":"category","embeddable":true,"href":"https:\/\/panoramadelsur.com.ar\/index.php?rest_route=%2Fwp%2Fv2%2Fcategories&post=53753"},{"taxonomy":"post_tag","embeddable":true,"href":"https:\/\/panoramadelsur.com.ar\/index.php?rest_route=%2Fwp%2Fv2%2Ftags&post=53753"}],"curies":[{"name":"wp","href":"https:\/\/api.w.org\/{rel}","templated":true}]}}