{"id":53774,"date":"2024-07-22T01:02:00","date_gmt":"2024-07-22T04:02:00","guid":{"rendered":"https:\/\/panoramadelsur.com.ar\/?p=53774"},"modified":"2024-07-21T16:03:53","modified_gmt":"2024-07-21T19:03:53","slug":"aseguran-que-las-familias-del-amba-necesitan-mas-de-140-000-en-julio-para-pagar-los-servicios-publicos","status":"publish","type":"post","link":"https:\/\/panoramadelsur.com.ar\/?p=53774","title":{"rendered":"ASEGURAN QUE LAS FAMILIAS DEL AMBA NECESITAN M\u00c1S DE $140.000 EN JULIO PARA PAGAR LOS SERVICIOS P\u00daBLICOS"},"content":{"rendered":"\n<p class=\"wp-block-paragraph\">Las familias que viven en el \u00c1rea Metropolitana de Buenos Aires (AMBA) necesitan m\u00e1s de $140.000 en julio para pagar las tarifas de servicios p\u00fablicos, seg\u00fan revel\u00f3 un informe del Observatorio de Tarifas y Subsidios del Instituto Interdisciplinario de Econom\u00eda Pol\u00edtica (IIEP), que depende de la UBA y el Conicet.<\/p>\n\n\n\n<p class=\"wp-block-paragraph\">El an\u00e1lisis calcul\u00f3 que un hogar promedio del AMBA necesita de $142.645 para cubrir sus necesidades energ\u00e9ticas, de transporte y de agua potable durante el s\u00e9ptimo mes del a\u00f1o, lo que implica que el costo de la canasta total de servicios p\u00fablicos se increment\u00f3 374% frente a diciembre de 2023, cuando llegaba a los $30.100.<\/p>\n\n\n\n<p class=\"wp-block-paragraph\">El incremento en lo que va del a\u00f1o, se explica a partir de las actualizaciones de tarifas de transporte (enero y febrero), energ\u00eda el\u00e9ctrica (febrero y junio), agua y gas natural (abril y junio). Asimismo, los consumos de gas natural y energ\u00eda el\u00e9ctrica est\u00e1n ajustados por la estacionalidad de la demanda.<\/p>\n\n\n\n<p class=\"wp-block-paragraph\">En este sentido, en julio se observa un aumento del 2% del gasto en servicios p\u00fablicos y en lo que respecta al sector energ\u00e9tico se explica por \u201cconsumos m\u00e1s elevados conforme se transita el pico estacional de invierno; por incrementos en el precio de la energ\u00eda el\u00e9ctrica y el gas natural a partir del 1\u00b0 de junio; y por la modificaci\u00f3n de los bloques de consumo subsidiado en energ\u00eda el\u00e9ctrica y gas natural vigentes a partir del 1\u00b0 de junio\u201d.<\/p>\n\n\n\n<h2 class=\"wp-block-heading\">Aumentos en los servicios p\u00fablicos para el AMBA desde diciembre<\/h2>\n\n\n\n<p class=\"wp-block-paragraph\">Agua potable y cloacas: 249%<br>Energ\u00eda el\u00e9ctrica: 229%<br>Gas: 1208%<br>Transporte: 410%<\/p>\n\n\n\n<p class=\"wp-block-paragraph\">Con estos valores, la canasta de servicios p\u00fablicos del AMBA ocupa en julio el 15% del salario promedio registrado estimado del mes a la vez que el peso proporcional del gasto de cada servicio presenta valores similares para el transporte, la energ\u00eda el\u00e9ctrica y el gas natural.<\/p>\n\n\n\n<p class=\"wp-block-paragraph\">Los datos de este mes est\u00e1n influenciados por la postergaci\u00f3n de los aumentos de luz y gas decidida por el Gobierno, con el objetivo de contribuir a consolidar el descenso de la inflaci\u00f3n, tras la aplicaci\u00f3n de las subas de junio.<\/p>\n\n\n\n<p class=\"wp-block-paragraph\">El estudio revel\u00f3 que actualmente \u201cla prestaci\u00f3n de los servicios p\u00fablicos en el AMBA para los hogares de altos, medios y bajos ingresos paga tarifas que en promedio cubren el 41% de los costos, mientras que el Estado se hace cargo del 59% restante\u201d, aunque aclar\u00f3 que \u201cesta cobertura es dispar entre hogares y entre servicios\u201d.<\/p>\n","protected":false},"excerpt":{"rendered":"<p>Las familias<\/p>\n","protected":false},"author":1,"featured_media":53775,"comment_status":"closed","ping_status":"closed","sticky":false,"template":"","format":"standard","meta":{"footnotes":""},"categories":[1,4],"tags":[122,59],"class_list":["post-53774","post","type-post","status-publish","format-standard","has-post-thumbnail","hentry","category-destacados","category-nacionales","tag-amba","tag-nacionales"],"_links":{"self":[{"href":"https:\/\/panoramadelsur.com.ar\/index.php?rest_route=\/wp\/v2\/posts\/53774","targetHints":{"allow":["GET"]}}],"collection":[{"href":"https:\/\/panoramadelsur.com.ar\/index.php?rest_route=\/wp\/v2\/posts"}],"about":[{"href":"https:\/\/panoramadelsur.com.ar\/index.php?rest_route=\/wp\/v2\/types\/post"}],"author":[{"embeddable":true,"href":"https:\/\/panoramadelsur.com.ar\/index.php?rest_route=\/wp\/v2\/users\/1"}],"replies":[{"embeddable":true,"href":"https:\/\/panoramadelsur.com.ar\/index.php?rest_route=%2Fwp%2Fv2%2Fcomments&post=53774"}],"version-history":[{"count":1,"href":"https:\/\/panoramadelsur.com.ar\/index.php?rest_route=\/wp\/v2\/posts\/53774\/revisions"}],"predecessor-version":[{"id":53776,"href":"https:\/\/panoramadelsur.com.ar\/index.php?rest_route=\/wp\/v2\/posts\/53774\/revisions\/53776"}],"wp:featuredmedia":[{"embeddable":true,"href":"https:\/\/panoramadelsur.com.ar\/index.php?rest_route=\/wp\/v2\/media\/53775"}],"wp:attachment":[{"href":"https:\/\/panoramadelsur.com.ar\/index.php?rest_route=%2Fwp%2Fv2%2Fmedia&parent=53774"}],"wp:term":[{"taxonomy":"category","embeddable":true,"href":"https:\/\/panoramadelsur.com.ar\/index.php?rest_route=%2Fwp%2Fv2%2Fcategories&post=53774"},{"taxonomy":"post_tag","embeddable":true,"href":"https:\/\/panoramadelsur.com.ar\/index.php?rest_route=%2Fwp%2Fv2%2Ftags&post=53774"}],"curies":[{"name":"wp","href":"https:\/\/api.w.org\/{rel}","templated":true}]}}