{"id":53827,"date":"2024-07-22T01:03:00","date_gmt":"2024-07-22T04:03:00","guid":{"rendered":"https:\/\/panoramadelsur.com.ar\/?p=53827"},"modified":"2024-07-21T19:02:43","modified_gmt":"2024-07-21T22:02:43","slug":"la-flauta-magica-una-pieza-musical-imperdible-en-varela","status":"publish","type":"post","link":"https:\/\/panoramadelsur.com.ar\/?p=53827","title":{"rendered":"\u00abLA FLAUTA M\u00c1GICA\u00bb, UNA PIEZA MUSICAL IMPERDIBLE EN VARELA"},"content":{"rendered":"\n<p class=\"wp-block-paragraph\">La segunda semana de vacaciones inicia este lunes 22 de julio con un espect\u00e1culo protagonizado por la Orquesta Sinf\u00f3nica Municipal y la Compa\u00f1\u00eda Independiente Exultate Lyrica quienes reversionar\u00e1n la aclamada obra de Amadeus Mozart en el sal\u00f3n de Bomberos Voluntarios -calle 25 de Mayo esquina Dorrego- tanto a las 14 como a las 16 hs.<\/p>\n\n\n\n<p class=\"wp-block-paragraph\">Dar\u00edo Dom\u00ednguez Xodo -director del ensamble local- expresa: \u201cHace mucho tiempo que trabajamos con el objetivo de ofrecer a los ni\u00f1os y las ni\u00f1as varelenses esta adaptaci\u00f3n en espa\u00f1ol, de corta duraci\u00f3n, que narra un cuento de hadas\u201d.<\/p>\n\n\n\n<p class=\"wp-block-paragraph\">Asimismo, celebra \u201cel \u00e9xito de las dos primeras presentaciones\u201d. Destaca la posibilidad de \u201carticular el cuerpo musical con el art\u00edstico\u201d en \u201c\u00f3peras donde los vecinos y las vecinas disfruten nuestros conciertos\u201d. \u201cEstamos muy contentos por colaborar con artistas vocales\u201d, reflexiona.<\/p>\n\n\n\n<p class=\"wp-block-paragraph\">En los preparativos, si bien el Maestro revela \u201censayos por separado\u201d, visita \u201clas pr\u00e1cticas con el prop\u00f3sito que en escenario todo salga perfecto\u201d.<\/p>\n","protected":false},"excerpt":{"rendered":"<p>La segunda<\/p>\n","protected":false},"author":1,"featured_media":53828,"comment_status":"closed","ping_status":"closed","sticky":false,"template":"","format":"standard","meta":{"footnotes":""},"categories":[8,3],"tags":[30],"class_list":["post-53827","post","type-post","status-publish","format-standard","has-post-thumbnail","hentry","category-para-agendar","category-regionales","tag-varela"],"_links":{"self":[{"href":"https:\/\/panoramadelsur.com.ar\/index.php?rest_route=\/wp\/v2\/posts\/53827","targetHints":{"allow":["GET"]}}],"collection":[{"href":"https:\/\/panoramadelsur.com.ar\/index.php?rest_route=\/wp\/v2\/posts"}],"about":[{"href":"https:\/\/panoramadelsur.com.ar\/index.php?rest_route=\/wp\/v2\/types\/post"}],"author":[{"embeddable":true,"href":"https:\/\/panoramadelsur.com.ar\/index.php?rest_route=\/wp\/v2\/users\/1"}],"replies":[{"embeddable":true,"href":"https:\/\/panoramadelsur.com.ar\/index.php?rest_route=%2Fwp%2Fv2%2Fcomments&post=53827"}],"version-history":[{"count":1,"href":"https:\/\/panoramadelsur.com.ar\/index.php?rest_route=\/wp\/v2\/posts\/53827\/revisions"}],"predecessor-version":[{"id":53829,"href":"https:\/\/panoramadelsur.com.ar\/index.php?rest_route=\/wp\/v2\/posts\/53827\/revisions\/53829"}],"wp:featuredmedia":[{"embeddable":true,"href":"https:\/\/panoramadelsur.com.ar\/index.php?rest_route=\/wp\/v2\/media\/53828"}],"wp:attachment":[{"href":"https:\/\/panoramadelsur.com.ar\/index.php?rest_route=%2Fwp%2Fv2%2Fmedia&parent=53827"}],"wp:term":[{"taxonomy":"category","embeddable":true,"href":"https:\/\/panoramadelsur.com.ar\/index.php?rest_route=%2Fwp%2Fv2%2Fcategories&post=53827"},{"taxonomy":"post_tag","embeddable":true,"href":"https:\/\/panoramadelsur.com.ar\/index.php?rest_route=%2Fwp%2Fv2%2Ftags&post=53827"}],"curies":[{"name":"wp","href":"https:\/\/api.w.org\/{rel}","templated":true}]}}