{"id":53836,"date":"2024-07-22T01:02:00","date_gmt":"2024-07-22T04:02:00","guid":{"rendered":"https:\/\/panoramadelsur.com.ar\/?p=53836"},"modified":"2024-07-22T15:57:43","modified_gmt":"2024-07-22T18:57:43","slug":"shambala-circo-llega-a-berazategui-en-vacaciones-de-invierno","status":"publish","type":"post","link":"https:\/\/panoramadelsur.com.ar\/?p=53836","title":{"rendered":"SHAMBALA CIRCO LLEGA A BERAZATEGUI EN VACACIONES DE INVIERNO"},"content":{"rendered":"\n<p class=\"wp-block-paragraph\"><strong>Se viene Shambala Circo, una funci\u00f3n de circo, acrobacia y humor, en el marco del ciclo Vacaciones en Familia que organiza la Municipalidad de Berazategui. Esta propuesta divertida y apta para toda la familia se realizar\u00e1 este lunes 22 de julio, a las 16.30, en el Club Municipal Ducilo (calle 5 y 151). La entrada es libre y gratuita.<\/strong><\/p>\n\n\n\n<p class=\"wp-block-paragraph\">En este sentido, la secretaria de Desarrollo Social y Comunitario, Recreaci\u00f3n, Turismo y Deportes municipal, Mar\u00eda Laura Lacava, expres\u00f3: \u201cEsta es una de las iniciativas de la Municipalidad para disfrutar las vacaciones en familia. Se trata de Shambala Circo, una propuesta exponencial por su belleza, por la acrobacia, porque nos lleva a rememorar nuestra ni\u00f1ez. Y porque, adem\u00e1s, nos permite recordar a nuestro profesor Mario P\u00e9rez, quien durante tantos a\u00f1os se dedic\u00f3 a la actividad circense de la Municipalidad. El intendente Juan Jos\u00e9 Mussi siempre impulsa &#8216;Vacaciones en Familia&#8217;, con gratuidad, para todos los vecinos y vecinas de la ciudad\u201d.<\/p>\n\n\n\n<p class=\"wp-block-paragraph\">\u00abVacaciones en Familia\u00bb es una propuesta municipal con actividades l\u00fadicas, deportivas, culturales y recreativas, destinada a toda la familia, para disfrutar durante el receso invernal. Hasta el domingo 28 de julio habr\u00e1 ciclos de cine, espect\u00e1culos, espacios de lectura y dibujo, n\u00fameros musicales, recorridas interactivas por los Museos municipales y la presentaci\u00f3n del m\u00f3vil de Cultura Colectiva en diferentes barrios de Berazategui.<\/p>\n\n\n\n<p class=\"wp-block-paragraph\">Se puede conocer el resto del cronograma de actividades culturales y recreativas en&nbsp;<a rel=\"noreferrer noopener\" target=\"_blank\" href=\"http:\/\/berazategui.gob.ar\/vacacionesenfamilia\">berazategui.gob.ar\/vacacionesenfamilia<\/a>.<\/p>\n","protected":false},"excerpt":{"rendered":"<p>Se viene<\/p>\n","protected":false},"author":1,"featured_media":53837,"comment_status":"closed","ping_status":"closed","sticky":false,"template":"","format":"standard","meta":{"footnotes":""},"categories":[8,3],"tags":[40],"class_list":["post-53836","post","type-post","status-publish","format-standard","has-post-thumbnail","hentry","category-para-agendar","category-regionales","tag-berazategui"],"_links":{"self":[{"href":"https:\/\/panoramadelsur.com.ar\/index.php?rest_route=\/wp\/v2\/posts\/53836","targetHints":{"allow":["GET"]}}],"collection":[{"href":"https:\/\/panoramadelsur.com.ar\/index.php?rest_route=\/wp\/v2\/posts"}],"about":[{"href":"https:\/\/panoramadelsur.com.ar\/index.php?rest_route=\/wp\/v2\/types\/post"}],"author":[{"embeddable":true,"href":"https:\/\/panoramadelsur.com.ar\/index.php?rest_route=\/wp\/v2\/users\/1"}],"replies":[{"embeddable":true,"href":"https:\/\/panoramadelsur.com.ar\/index.php?rest_route=%2Fwp%2Fv2%2Fcomments&post=53836"}],"version-history":[{"count":1,"href":"https:\/\/panoramadelsur.com.ar\/index.php?rest_route=\/wp\/v2\/posts\/53836\/revisions"}],"predecessor-version":[{"id":53838,"href":"https:\/\/panoramadelsur.com.ar\/index.php?rest_route=\/wp\/v2\/posts\/53836\/revisions\/53838"}],"wp:featuredmedia":[{"embeddable":true,"href":"https:\/\/panoramadelsur.com.ar\/index.php?rest_route=\/wp\/v2\/media\/53837"}],"wp:attachment":[{"href":"https:\/\/panoramadelsur.com.ar\/index.php?rest_route=%2Fwp%2Fv2%2Fmedia&parent=53836"}],"wp:term":[{"taxonomy":"category","embeddable":true,"href":"https:\/\/panoramadelsur.com.ar\/index.php?rest_route=%2Fwp%2Fv2%2Fcategories&post=53836"},{"taxonomy":"post_tag","embeddable":true,"href":"https:\/\/panoramadelsur.com.ar\/index.php?rest_route=%2Fwp%2Fv2%2Ftags&post=53836"}],"curies":[{"name":"wp","href":"https:\/\/api.w.org\/{rel}","templated":true}]}}