{"id":53890,"date":"2024-07-23T01:00:00","date_gmt":"2024-07-23T04:00:00","guid":{"rendered":"https:\/\/panoramadelsur.com.ar\/?p=53890"},"modified":"2024-07-22T18:22:14","modified_gmt":"2024-07-22T21:22:14","slug":"anses-calendario-de-pagos-de-este-martes-23-de-julio","status":"publish","type":"post","link":"https:\/\/panoramadelsur.com.ar\/?p=53890","title":{"rendered":"ANSES: CALENDARIO DE PAGOS DE ESTE MARTES 23 DE JULIO"},"content":{"rendered":"\n<p>Se informa que<strong>\u00a0<\/strong>este martes finalizan los pagos de la Asignaci\u00f3n por Embarazo e inician aquellos de las jubilaciones y pensiones que superan un haber m\u00ednimo. En ambos casos se incluye el aumento por movilidad del 4,18 por ciento. Asimismo, contin\u00faa el cronograma de la Prestaci\u00f3n por Desempleo.<\/p>\n\n\n\n<p><strong>Jubilaciones y pensiones<\/strong><\/p>\n\n\n\n<p>Titulares con documentos terminados en&nbsp;<strong>0&nbsp;<\/strong>y<strong>&nbsp;1&nbsp;<\/strong>cuyos haberessuperan el monto m\u00ednimo perciben sus jubilaciones y pensiones con el incremento por movilidad del 4,18 por ciento.<\/p>\n\n\n\n<p><strong>Asignaci\u00f3n por Embarazo<\/strong><\/p>\n\n\n\n<p>Titulares con documentos concluidos en&nbsp;<strong>9<\/strong>.<\/p>\n\n\n\n<p><strong>Prestaci\u00f3n por Desempleo<\/strong><\/p>\n\n\n\n<p>Titulares con documentos finalizados en&nbsp;<strong>2&nbsp;<\/strong>y<strong>&nbsp;3<\/strong>.<\/p>\n","protected":false},"excerpt":{"rendered":"<p>Se informa<\/p>\n","protected":false},"author":1,"featured_media":52870,"comment_status":"closed","ping_status":"closed","sticky":false,"template":"","format":"standard","meta":{"footnotes":""},"categories":[4,8],"tags":[59],"class_list":["post-53890","post","type-post","status-publish","format-standard","has-post-thumbnail","hentry","category-nacionales","category-para-agendar","tag-nacionales"],"_links":{"self":[{"href":"https:\/\/panoramadelsur.com.ar\/index.php?rest_route=\/wp\/v2\/posts\/53890","targetHints":{"allow":["GET"]}}],"collection":[{"href":"https:\/\/panoramadelsur.com.ar\/index.php?rest_route=\/wp\/v2\/posts"}],"about":[{"href":"https:\/\/panoramadelsur.com.ar\/index.php?rest_route=\/wp\/v2\/types\/post"}],"author":[{"embeddable":true,"href":"https:\/\/panoramadelsur.com.ar\/index.php?rest_route=\/wp\/v2\/users\/1"}],"replies":[{"embeddable":true,"href":"https:\/\/panoramadelsur.com.ar\/index.php?rest_route=%2Fwp%2Fv2%2Fcomments&post=53890"}],"version-history":[{"count":1,"href":"https:\/\/panoramadelsur.com.ar\/index.php?rest_route=\/wp\/v2\/posts\/53890\/revisions"}],"predecessor-version":[{"id":53891,"href":"https:\/\/panoramadelsur.com.ar\/index.php?rest_route=\/wp\/v2\/posts\/53890\/revisions\/53891"}],"wp:featuredmedia":[{"embeddable":true,"href":"https:\/\/panoramadelsur.com.ar\/index.php?rest_route=\/wp\/v2\/media\/52870"}],"wp:attachment":[{"href":"https:\/\/panoramadelsur.com.ar\/index.php?rest_route=%2Fwp%2Fv2%2Fmedia&parent=53890"}],"wp:term":[{"taxonomy":"category","embeddable":true,"href":"https:\/\/panoramadelsur.com.ar\/index.php?rest_route=%2Fwp%2Fv2%2Fcategories&post=53890"},{"taxonomy":"post_tag","embeddable":true,"href":"https:\/\/panoramadelsur.com.ar\/index.php?rest_route=%2Fwp%2Fv2%2Ftags&post=53890"}],"curies":[{"name":"wp","href":"https:\/\/api.w.org\/{rel}","templated":true}]}}