{"id":53915,"date":"2024-07-23T01:00:00","date_gmt":"2024-07-23T04:00:00","guid":{"rendered":"https:\/\/panoramadelsur.com.ar\/?p=53915"},"modified":"2024-07-23T19:44:15","modified_gmt":"2024-07-23T22:44:15","slug":"sube-el-impuesto-al-cigarrillo-y-se-eleva-del-70-al-73-por-ciento","status":"publish","type":"post","link":"https:\/\/panoramadelsur.com.ar\/?p=53915","title":{"rendered":"SUBE EL IMPUESTO AL CIGARRILLO Y SE ELEVA DEL 70 AL 73 POR CIENTO"},"content":{"rendered":"\n<p>El Gobierno Nacional reglament\u00f3 hoy la suba de la al\u00edcuota del impuesto al cigarrillo que se elev\u00f3 del 70% al 73% del precio de venta al consumidor y elimin\u00f3 el m\u00ednimo para pagar ese gravamen al tabaco.&nbsp;&nbsp;&nbsp;<\/p>\n\n\n\n<p>A trav\u00e9s del decreto 658 que firman el presidente Javier Milei, el ministro de Econom\u00eda, Luis Caputo, y la canciller Diana Mondino, se reglament\u00f3 c\u00f3mo se calcular\u00e1 el aumento del tributo al tabaco que gener\u00f3 fuertes controversias en la C\u00e1mara de Diputados cuando se incorpor\u00f3 a la ley de Bases.&nbsp;&nbsp;&nbsp;<\/p>\n\n\n\n<p>En la norma tambi\u00e9n se reglamentan otras medidas de transparencia fiscal incluidas en la Ley Bases.&nbsp;&nbsp;<\/p>\n\n\n\n<p>&nbsp;La decisi\u00f3n de incorporar el tema del tabaco a la ley de Bases se aprob\u00f3 con 82 votos a favor, 77 en contra y se abstuvieron 69 legisladores de Uni\u00f3n por la Patria y la izquierda, ya que, sostuvieron que se traba a de una \u00abpuja entre grandes empresarios\u00bb.&nbsp;&nbsp;<\/p>\n\n\n\n<p>&nbsp;El Gobierno sostuvo que es necesario \u00abdotar de ciertas pautas al mecanismo de actualizaci\u00f3n\u00bb dispuesto en el d\u00e9cimo p\u00e1rrafo del art\u00edculo sin n\u00famero incorporado a continuaci\u00f3n del art\u00edculo 28 de la misma ley, en atenci\u00f3n a la fecha all\u00ed consignada.&nbsp;&nbsp;&nbsp;<\/p>\n\n\n\n<p>Se fij\u00f3 que cuando el precio de venta informado por las empresas tabacaleras no constituya una base id\u00f3nea a los fines de determinar el valor imponible, por resultar inferior, como m\u00ednimo, en un 20%, al precio que surja del relevamiento que haga a la AFIP corresponder\u00e1 utilizar el precio que ese organismo determine, excepto cuando las empresas \u00abacrediten fehacientemente que es un precio del mercado\u00bb.&nbsp;&nbsp;<\/p>\n\n\n\n<p>&nbsp;Tambi\u00e9n establece que la AFIP actualizar\u00e1 los importes en los meses de enero, abril, julio y octubre de cada a\u00f1o, considerando, en cada caso, la variaci\u00f3n del \u00cdndice de Precios al Consumidor (IPC).&nbsp;&nbsp;&nbsp;<\/p>\n\n\n\n<p>Adem\u00e1s, fija que cuando las facturas o documentos no expresen el valor normal de plaza la AFIP podr\u00e1 \u00abestimarlos de oficio\u00bb trat\u00e1ndose de art\u00edculos gravados al precio de venta al consumidor.&nbsp;&nbsp; Otro punto es que cuando no se hayan presentado declaraciones o resulten impugnables, la AFIP proceder\u00e1 a determinar de oficio la liquidaci\u00f3n del gravamen.&nbsp;<\/p>\n\n\n\n<p>Se\u00f1ala&nbsp;que el organismo fiscal podr\u00e1 efectuar la determinaci\u00f3n calculando las ventas realizadas por el contribuyente en funci\u00f3n de cualquier \u00edndice que pueda obtener.&nbsp;&nbsp; La semana pasada la AFIP ya hab\u00eda informado un nuevo aplicativo para el pago del impuesto al tabaco, de acuerdo al aumento dispuesto en la Ley Bases que se aument\u00f3 del 70% al 73% la al\u00edcuota sobre el precio de venta al consumidor.<\/p>\n","protected":false},"excerpt":{"rendered":"<p>El Gobierno<\/p>\n","protected":false},"author":1,"featured_media":53916,"comment_status":"closed","ping_status":"closed","sticky":false,"template":"","format":"standard","meta":{"footnotes":""},"categories":[10,4],"tags":[],"class_list":["post-53915","post","type-post","status-publish","format-standard","has-post-thumbnail","hentry","category-mas-noticias","category-nacionales"],"_links":{"self":[{"href":"https:\/\/panoramadelsur.com.ar\/index.php?rest_route=\/wp\/v2\/posts\/53915","targetHints":{"allow":["GET"]}}],"collection":[{"href":"https:\/\/panoramadelsur.com.ar\/index.php?rest_route=\/wp\/v2\/posts"}],"about":[{"href":"https:\/\/panoramadelsur.com.ar\/index.php?rest_route=\/wp\/v2\/types\/post"}],"author":[{"embeddable":true,"href":"https:\/\/panoramadelsur.com.ar\/index.php?rest_route=\/wp\/v2\/users\/1"}],"replies":[{"embeddable":true,"href":"https:\/\/panoramadelsur.com.ar\/index.php?rest_route=%2Fwp%2Fv2%2Fcomments&post=53915"}],"version-history":[{"count":1,"href":"https:\/\/panoramadelsur.com.ar\/index.php?rest_route=\/wp\/v2\/posts\/53915\/revisions"}],"predecessor-version":[{"id":53917,"href":"https:\/\/panoramadelsur.com.ar\/index.php?rest_route=\/wp\/v2\/posts\/53915\/revisions\/53917"}],"wp:featuredmedia":[{"embeddable":true,"href":"https:\/\/panoramadelsur.com.ar\/index.php?rest_route=\/wp\/v2\/media\/53916"}],"wp:attachment":[{"href":"https:\/\/panoramadelsur.com.ar\/index.php?rest_route=%2Fwp%2Fv2%2Fmedia&parent=53915"}],"wp:term":[{"taxonomy":"category","embeddable":true,"href":"https:\/\/panoramadelsur.com.ar\/index.php?rest_route=%2Fwp%2Fv2%2Fcategories&post=53915"},{"taxonomy":"post_tag","embeddable":true,"href":"https:\/\/panoramadelsur.com.ar\/index.php?rest_route=%2Fwp%2Fv2%2Ftags&post=53915"}],"curies":[{"name":"wp","href":"https:\/\/api.w.org\/{rel}","templated":true}]}}