{"id":53971,"date":"2024-07-29T03:06:00","date_gmt":"2024-07-29T06:06:00","guid":{"rendered":"https:\/\/panoramadelsur.com.ar\/?p=53971"},"modified":"2024-07-29T19:41:36","modified_gmt":"2024-07-29T22:41:36","slug":"los-profesionales-de-la-salud-de-cicop-van-a-la-justicia-por-la-restitucion-de-ganancias-se-ha-violentado-el-procedimiento-de-formacion-y-sancion-de-las-leyes","status":"publish","type":"post","link":"https:\/\/panoramadelsur.com.ar\/?p=53971","title":{"rendered":"LOS PROFESIONALES DE LA SALUD DE CICOP VAN A LA JUSTICIA POR LA RESTITUCI\u00d3N DE GANANCIAS: \u00abSE HA VIOLENTADO EL PROCEDIMIENTO DE FORMACI\u00d3N Y SANCI\u00d3N DE LAS LEYES\u00bb"},"content":{"rendered":"\n<p>La Asociaci\u00f3n Sindical de Profesionales de la Salud de la Provincia de Buenos Aires (CICOP) ratific\u00f3 hoy que se presentar\u00e1 a la Justicia Federal para demandar la declaraci\u00f3n de inconstitucionalidad de la reciente reforma legislativa que restituye el Impuesto a las Ganancias en el salario \u201cen defensa de los derechos e intereses de las y los trabajadores profesionales de la salud que se desempe\u00f1an en hospitales provinciales y municipales bonaerenses\u201d.<\/p>\n\n\n\n<p>CICOP, que junto a otras organizaciones integra la Mesa Intersindical \u201cEl Salario No Es Ganancia\u201d, ha evaluado una serie de argumentos tendientes a lograr la impugnaci\u00f3n judicial del impuesto restablecido.<\/p>\n\n\n\n<p>En ese sentido, el presidente del gremio, Pablo Maciel, explic\u00f3 que \u201cen el escrito judicial sostendremos que se ha violentado el procedimiento de formaci\u00f3n y sanci\u00f3n de las leyes previsto en nuestra Constituci\u00f3n Nacional, toda vez que una de las C\u00e1maras rechaz\u00f3 la propuesta promovida por el Poder Ejecutivo de gravar impositivamente el salario\u201d.&nbsp;<\/p>\n\n\n\n<p>\u201cA esa cuesti\u00f3n formal el sindicato sumar\u00e1 argumentos de fondo\u201d, agreg\u00f3 Maciel al decir que \u201centendemos que la medida vulnera el principio de progresividad de derechos sociales, entre los que se encuentra la remuneraci\u00f3n, contenido en la Carta Magna, dado que viene a empeorar la situaci\u00f3n material de personas que viven de su trabajo personal, lo que est\u00e1 vedado por el ordenamiento jur\u00eddico\u201d.<\/p>\n\n\n\n<p>Con respecto a las guardias m\u00e9dicas, sentenci\u00f3 que \u201cen reiteradas oportunidades, alertamos sobre el impacto negativo que esta decisi\u00f3n tendr\u00e1 particularmente en el sistema de salud al suprimir adem\u00e1s las exenciones para que las guardias y horas extras no sean computadas para el mencionado tributo\u201d.<\/p>\n\n\n\n<p>\u201cDesde nuestra organizaci\u00f3n sindical, recalcamos que habr\u00e1 serios inconvenientes para sostener los Servicios de Emergencia. Est\u00e1 claro que nadie estar\u00e1 dispuesto a trabajar m\u00e1s y ganar menos. Desafortunadamente, ser\u00e1n m\u00e1s frecuentes las guardias con planteles incompletos, lo que terminar\u00e1 quebrantando el derecho al acceso a la salud de la poblaci\u00f3n\u201d, manifest\u00f3 Maciel.&nbsp;<\/p>\n\n\n\n<p>\u201cEl Gobierno Nacional y muchos legisladores toman determinaciones temerarias que ponen en riesgo la salud de nuestro pueblo. Nosotros sabemos que la atenci\u00f3n en la guardia puede definir entre la vida y la muerte\u201d, concluy\u00f3 el titular de CICOP.<\/p>\n","protected":false},"excerpt":{"rendered":"<p>La Asociaci\u00f3n<\/p>\n","protected":false},"author":1,"featured_media":53972,"comment_status":"closed","ping_status":"closed","sticky":false,"template":"","format":"standard","meta":{"footnotes":""},"categories":[5],"tags":[],"class_list":["post-53971","post","type-post","status-publish","format-standard","has-post-thumbnail","hentry","category-provincia"],"_links":{"self":[{"href":"https:\/\/panoramadelsur.com.ar\/index.php?rest_route=\/wp\/v2\/posts\/53971","targetHints":{"allow":["GET"]}}],"collection":[{"href":"https:\/\/panoramadelsur.com.ar\/index.php?rest_route=\/wp\/v2\/posts"}],"about":[{"href":"https:\/\/panoramadelsur.com.ar\/index.php?rest_route=\/wp\/v2\/types\/post"}],"author":[{"embeddable":true,"href":"https:\/\/panoramadelsur.com.ar\/index.php?rest_route=\/wp\/v2\/users\/1"}],"replies":[{"embeddable":true,"href":"https:\/\/panoramadelsur.com.ar\/index.php?rest_route=%2Fwp%2Fv2%2Fcomments&post=53971"}],"version-history":[{"count":1,"href":"https:\/\/panoramadelsur.com.ar\/index.php?rest_route=\/wp\/v2\/posts\/53971\/revisions"}],"predecessor-version":[{"id":53973,"href":"https:\/\/panoramadelsur.com.ar\/index.php?rest_route=\/wp\/v2\/posts\/53971\/revisions\/53973"}],"wp:featuredmedia":[{"embeddable":true,"href":"https:\/\/panoramadelsur.com.ar\/index.php?rest_route=\/wp\/v2\/media\/53972"}],"wp:attachment":[{"href":"https:\/\/panoramadelsur.com.ar\/index.php?rest_route=%2Fwp%2Fv2%2Fmedia&parent=53971"}],"wp:term":[{"taxonomy":"category","embeddable":true,"href":"https:\/\/panoramadelsur.com.ar\/index.php?rest_route=%2Fwp%2Fv2%2Fcategories&post=53971"},{"taxonomy":"post_tag","embeddable":true,"href":"https:\/\/panoramadelsur.com.ar\/index.php?rest_route=%2Fwp%2Fv2%2Ftags&post=53971"}],"curies":[{"name":"wp","href":"https:\/\/api.w.org\/{rel}","templated":true}]}}