{"id":53975,"date":"2024-08-07T01:04:00","date_gmt":"2024-08-07T04:04:00","guid":{"rendered":"https:\/\/panoramadelsur.com.ar\/?p=53975"},"modified":"2024-08-06T21:12:31","modified_gmt":"2024-08-07T00:12:31","slug":"las-universidades-publicas-haran-un-paro-el-proximo-12-de-agosto-y-no-iniciaran-las-clases","status":"publish","type":"post","link":"https:\/\/panoramadelsur.com.ar\/?p=53975","title":{"rendered":"LAS UNIVERSIDADES P\u00daBLICAS HAR\u00c1N UN PARO EL PR\u00d3XIMO 12 DE AGOSTO Y NO INICIAR\u00c1N LAS CLASES"},"content":{"rendered":"\n<p class=\"wp-block-paragraph\">El Frente Sindical de Universidades Nacionales anunci\u00f3 un paro de 24 horas para el pr\u00f3ximo lunes 12 de agosto como estaba pautado, y no empezar\u00e1 con normalidad el segundo cuatrimestre.<\/p>\n\n\n\n<p class=\"wp-block-paragraph\">Al mismo tiempo, la entidad inform\u00f3 que habr\u00e1 un cese de actividades previstas para el 20 y 21 de este mes.<\/p>\n\n\n\n<p class=\"wp-block-paragraph\">La medida de fuerza se realizar\u00e1 en se\u00f1al de protesta frente a la \u00abcr\u00edtica situaci\u00f3n\u00bb de los sueldos de los docentes y no docentes, mientras que solicitaron a los rectores de las distintas facultades decretar la emergencia salarial en todas las universidades p\u00fablicas.<\/p>\n\n\n\n<p class=\"wp-block-paragraph\">En este sentido, pidieron a las casas de estudio que participen de un plenario del Consejo Interuniversitario Nacional (CIN), que se llevar\u00e1 a cabo en La Pampa el 30 de agosto, en el que, en caso de no recibir una respuesta, se determinar\u00e1 la fecha para otra manifestaci\u00f3n universitaria, al igual que la marcha organizada el pasado 30 de abril en distintos puntos del pa\u00eds.<\/p>\n\n\n\n<p class=\"wp-block-paragraph\">El secretario general del sindicato, Daniel Ricci, afirm\u00f3: \u00abDesde que asumi\u00f3 el presidente Javier Milei los trabajadores docentes y no docentes perdieron m\u00e1s del 50% del salario frente a la inflaci\u00f3n\u00bb.<\/p>\n\n\n\n<p class=\"wp-block-paragraph\">Adem\u00e1s, a\u00f1adi\u00f3 que tras una reuni\u00f3n con la ministra de Capital Humano de la Naci\u00f3n, Sandra Pettovello, hasta ahora, no obtuvieron respuesta.<\/p>\n","protected":false},"excerpt":{"rendered":"<p>El Frente<\/p>\n","protected":false},"author":1,"featured_media":53976,"comment_status":"closed","ping_status":"closed","sticky":false,"template":"","format":"standard","meta":{"footnotes":""},"categories":[4,8],"tags":[59],"class_list":["post-53975","post","type-post","status-publish","format-standard","has-post-thumbnail","hentry","category-nacionales","category-para-agendar","tag-nacionales"],"_links":{"self":[{"href":"https:\/\/panoramadelsur.com.ar\/index.php?rest_route=\/wp\/v2\/posts\/53975","targetHints":{"allow":["GET"]}}],"collection":[{"href":"https:\/\/panoramadelsur.com.ar\/index.php?rest_route=\/wp\/v2\/posts"}],"about":[{"href":"https:\/\/panoramadelsur.com.ar\/index.php?rest_route=\/wp\/v2\/types\/post"}],"author":[{"embeddable":true,"href":"https:\/\/panoramadelsur.com.ar\/index.php?rest_route=\/wp\/v2\/users\/1"}],"replies":[{"embeddable":true,"href":"https:\/\/panoramadelsur.com.ar\/index.php?rest_route=%2Fwp%2Fv2%2Fcomments&post=53975"}],"version-history":[{"count":1,"href":"https:\/\/panoramadelsur.com.ar\/index.php?rest_route=\/wp\/v2\/posts\/53975\/revisions"}],"predecessor-version":[{"id":53977,"href":"https:\/\/panoramadelsur.com.ar\/index.php?rest_route=\/wp\/v2\/posts\/53975\/revisions\/53977"}],"wp:featuredmedia":[{"embeddable":true,"href":"https:\/\/panoramadelsur.com.ar\/index.php?rest_route=\/wp\/v2\/media\/53976"}],"wp:attachment":[{"href":"https:\/\/panoramadelsur.com.ar\/index.php?rest_route=%2Fwp%2Fv2%2Fmedia&parent=53975"}],"wp:term":[{"taxonomy":"category","embeddable":true,"href":"https:\/\/panoramadelsur.com.ar\/index.php?rest_route=%2Fwp%2Fv2%2Fcategories&post=53975"},{"taxonomy":"post_tag","embeddable":true,"href":"https:\/\/panoramadelsur.com.ar\/index.php?rest_route=%2Fwp%2Fv2%2Ftags&post=53975"}],"curies":[{"name":"wp","href":"https:\/\/api.w.org\/{rel}","templated":true}]}}