{"id":54113,"date":"2024-08-26T01:01:00","date_gmt":"2024-08-26T04:01:00","guid":{"rendered":"https:\/\/panoramadelsur.com.ar\/?p=54113"},"modified":"2024-08-25T15:59:41","modified_gmt":"2024-08-25T18:59:41","slug":"hay-5-millones-de-jubilados-debajo-de-la-linea-de-pobreza-en-medio-de-la-discusion-por-la-movilidad","status":"publish","type":"post","link":"https:\/\/panoramadelsur.com.ar\/?p=54113","title":{"rendered":"HAY 5 MILLONES DE JUBILADOS DEBAJO DE LA L\u00cdNEA DE POBREZA, EN MEDIO DE LA DISCUSI\u00d3N POR LA MOVILIDAD"},"content":{"rendered":"\n<p class=\"wp-block-paragraph\">M\u00e1s de 5 millones de jubilados y pensionados est\u00e1n bajo la l\u00ednea de pobreza, seg\u00fan estimaciones de la Defensor\u00eda de la Tercera Edad.<\/p>\n\n\n\n<p class=\"wp-block-paragraph\">Ante ese escenario, gran parte de los abuelos debe recibir ayuda de los hijos u otros familiares.<\/p>\n\n\n\n<p class=\"wp-block-paragraph\">En medio de la pelea entre el Gobierno y la oposici\u00f3n por el veto a la nueva ley de movilidad jubilatoria, la situaci\u00f3n de los jubilados en la Argentina es cr\u00edtica.&nbsp;<\/p>\n\n\n\n<p class=\"wp-block-paragraph\">Fue uno de los sectores m\u00e1s afectados por la fuerte inflaci\u00f3n del primer semestre del a\u00f1o.<\/p>\n\n\n\n<p class=\"wp-block-paragraph\">Seg\u00fan estimaciones de la Defensor\u00eda de la Tercera Edad, la canasta b\u00e1sica de un jubilado rondar\u00eda los $800.000 mensuales, mientras que la jubilaci\u00f3n m\u00ednima en agosto de 2024 fue de $225.497,54.&nbsp;<\/p>\n\n\n\n<p class=\"wp-block-paragraph\">Incluso con el bono de $70.000, que eleva el ingreso a $295.000, esta cifra est\u00e1 muy por debajo de lo necesario para cubrir los gastos b\u00e1sicos.<\/p>\n\n\n\n<p class=\"wp-block-paragraph\">Eugenio Semino, defensor de la tercera edad, afirm\u00f3 que 5 millones de jubilados y pensionados se encuentran bajo la l\u00ednea de pobreza.&nbsp;<\/p>\n\n\n\n<p class=\"wp-block-paragraph\">A esta cifra se suman 500.000 personas que cobran la Pensi\u00f3n Universal para el Adulto Mayor (PUAM), que equivale al 80% de la jubilaci\u00f3n m\u00ednima, y un mill\u00f3n de personas con pensiones no contributivas que perciben solo $220.000 mensuales, lo que agrava a\u00fan m\u00e1s su situaci\u00f3n.<\/p>\n\n\n\n<p class=\"wp-block-paragraph\">Semino dijo que la situaci\u00f3n econ\u00f3mica de los jubilados se ve reflejada en la malnutrici\u00f3n que sufren muchos de ellos.&nbsp;<\/p>\n\n\n\n<p class=\"wp-block-paragraph\">Semino dijo que entre el 80% y el 90% de los mayores son hipertensos o tienen problemas de colesterol, pero la insuficiencia de sus jubilaciones les impide acceder a alimentos adecuados para mantener su salud.<\/p>\n\n\n\n<p class=\"wp-block-paragraph\">Adem\u00e1s, enfrentan dificultades para comprar medicamentos y pagar servicios b\u00e1sicos como la calefacci\u00f3n, lo que contribuye a un deterioro general de su calidad de vida.<\/p>\n","protected":false},"excerpt":{"rendered":"<p>M\u00e1s de<\/p>\n","protected":false},"author":1,"featured_media":54114,"comment_status":"closed","ping_status":"closed","sticky":false,"template":"","format":"standard","meta":{"footnotes":""},"categories":[1,4],"tags":[59],"class_list":["post-54113","post","type-post","status-publish","format-standard","has-post-thumbnail","hentry","category-destacados","category-nacionales","tag-nacionales"],"_links":{"self":[{"href":"https:\/\/panoramadelsur.com.ar\/index.php?rest_route=\/wp\/v2\/posts\/54113","targetHints":{"allow":["GET"]}}],"collection":[{"href":"https:\/\/panoramadelsur.com.ar\/index.php?rest_route=\/wp\/v2\/posts"}],"about":[{"href":"https:\/\/panoramadelsur.com.ar\/index.php?rest_route=\/wp\/v2\/types\/post"}],"author":[{"embeddable":true,"href":"https:\/\/panoramadelsur.com.ar\/index.php?rest_route=\/wp\/v2\/users\/1"}],"replies":[{"embeddable":true,"href":"https:\/\/panoramadelsur.com.ar\/index.php?rest_route=%2Fwp%2Fv2%2Fcomments&post=54113"}],"version-history":[{"count":1,"href":"https:\/\/panoramadelsur.com.ar\/index.php?rest_route=\/wp\/v2\/posts\/54113\/revisions"}],"predecessor-version":[{"id":54115,"href":"https:\/\/panoramadelsur.com.ar\/index.php?rest_route=\/wp\/v2\/posts\/54113\/revisions\/54115"}],"wp:featuredmedia":[{"embeddable":true,"href":"https:\/\/panoramadelsur.com.ar\/index.php?rest_route=\/wp\/v2\/media\/54114"}],"wp:attachment":[{"href":"https:\/\/panoramadelsur.com.ar\/index.php?rest_route=%2Fwp%2Fv2%2Fmedia&parent=54113"}],"wp:term":[{"taxonomy":"category","embeddable":true,"href":"https:\/\/panoramadelsur.com.ar\/index.php?rest_route=%2Fwp%2Fv2%2Fcategories&post=54113"},{"taxonomy":"post_tag","embeddable":true,"href":"https:\/\/panoramadelsur.com.ar\/index.php?rest_route=%2Fwp%2Fv2%2Ftags&post=54113"}],"curies":[{"name":"wp","href":"https:\/\/api.w.org\/{rel}","templated":true}]}}