{"id":54119,"date":"2024-08-26T01:07:00","date_gmt":"2024-08-26T04:07:00","guid":{"rendered":"https:\/\/panoramadelsur.com.ar\/?p=54119"},"modified":"2024-08-25T16:46:27","modified_gmt":"2024-08-25T19:46:27","slug":"andres-watson-otorgo-reconocimientos-municipales-a-entidades-varelenses-de-bien-publico","status":"publish","type":"post","link":"https:\/\/panoramadelsur.com.ar\/?p=54119","title":{"rendered":"ANDR\u00c9S WATSON OTORG\u00d3 RECONOCIMIENTOS MUNICIPALES A ENTIDADES VARELENSES DE BIEN P\u00daBLICO"},"content":{"rendered":"\n<p>La m\u00e1xima autoridad distrital -Andr\u00e9s Watson- entreg\u00f3 certificados tanto provisorios como definitivos a dieciocho instituciones radicadas en diferentes barrios del partido el pen\u00faltimo s\u00e1bado de agosto en el sal\u00f3n perteneciente a Bomberos Voluntarios, situado en el cruce de las calles 25 de Mayo con Dorrego.<\/p>\n\n\n\n<p>El Alcalde destac\u00f3 \u00abla tarea continua, solidaria, emp\u00e1tica y comprometida desarrollada por cada miembro de las organizaciones colectivas con una misi\u00f3n: la creaci\u00f3n de espacios donde respaldar el crecimiento de Florencio Varela, pero tambi\u00e9n escuchar las necesidades de la ciudadan\u00eda\u00bb.<\/p>\n\n\n\n<p>\u00abLa conformaci\u00f3n de entidades s\u00f3lidas siempre fue una ventaja en la determinaci\u00f3n de prioridades para ordenar la vida en comunidad, en defensa de los derechos de las personas mediante un intercambio de ideas fruct\u00edfero, en b\u00fasqueda del bienestar de las vecinas y los vecinos\u00bb, afirm\u00f3 el Mandatario varelense.<\/p>\n\n\n\n<p>Por \u00faltimo, la primera figura en la Intendencia inst\u00f3 a \u00absostener la labor colaborativa en unidad, en un contexto socioecon\u00f3mico dif\u00edcil, bajo la premisa de mantener y potenciar los \u00e1mbitos de contenci\u00f3n, equidad, motivaci\u00f3n e inclusi\u00f3n sin perder el esp\u00edritu constructivo ni los objetivos en com\u00fan\u00bb.<\/p>\n\n\n\n<p>El secretario de Relaciones Institucionales -Oscar N\u00fa\u00f1ez- remarc\u00f3 \u00abla diversidad de agrupaciones constituidas con perspectivas multidisciplinarias para ayudar a la gente, lejos del individualismo, con una humanidad y resiliencia admirable en el arduo trabajo de alcanzar sus metas\u00bb.<\/p>\n\n\n\n<p>La responsable de la Asociaci\u00f3n Civil Biblioteca Popular \u00abLa raz\u00f3n de mi vida\u00bb, Beatriz, narr\u00f3 el desarrollo de un proyecto materializado durante 2016 en La Sirena con la idea de acompa\u00f1ar a chicos y chicas desde los 3 hasta los 12 a\u00f1os en su etapa escolar.&nbsp;<\/p>\n\n\n\n<p>\u00abFundamos un lugar de pertenencia para las y los concurrentes a nuestro establecimiento, donde encontraron una manera de revincularse con la lectura e interactuar entre pares. La obtenci\u00f3n del reconocimiento represent\u00f3 un enorme impulso a avanzar\u00bb, describi\u00f3 la mujer.<\/p>\n\n\n\n<p>La ide\u00f3loga de la Asociaci\u00f3n Civil, Cultural y Deportiva \u00abUnidos por El Molino\u00bb, Mar\u00eda Esther, valor\u00f3 \u00abla posibilidad de nuclear a m\u00e1s de cincuenta frentistas de la zona que unieron sus voluntades en pos de contribuir con el progreso de un barrio que forj\u00f3 nuestra identidad\u00bb.&nbsp;&nbsp;<\/p>\n\n\n\n<p>Adem\u00e1s, accedieron a sus decretos \u00abBrillo de Luz\u00bb de La Sirena, \u00abAmigos de la Plaza La Carolina\u00bb, \u00abFortaleciendo Esfuerzos\u00bb de Villa Argentina, Asociaci\u00f3n Civil, Cultural y Deportiva \u00abDon Jos\u00e9\u00bb, \u00abMar\u00edtimos Fondeados del Sur\u00bb de San Juan Este, \u00abUniendo Lazos Varelenses\u00bb de Bosques Norte, \u00abCentro Comunitario del Sur\u00bb de La Colorada Este, \u00abEl Molino Crece\u00bb, el Centro Cultural \u00abPatria M\u00eda\u00bb de Villa M\u00f3nica Nueva, \u00abFamilias y Amigos de la Orquesta Escuela La Carolina\u00bb, la Asociaci\u00f3n Civil, Cultural, Social, Deportiva de Asesoramiento y Asistencia de Personas Vulnerables de Villa M\u00f3nica Nueva, Fundaci\u00f3n \u00abAIMAC\u201d del Centro, los Centros de Jubilados y Pensionados \u00abNuevo D\u00eda\u00bb, de La Rotonda, \u00abHugo del Carril\u00bb de San Jorge, \u00abSobreviviendo\u00bb de Ricardo Rojas m\u00e1s \u00abAmigos de Don Orione\u00bb.<\/p>\n","protected":false},"excerpt":{"rendered":"<p>La m\u00e1xima<\/p>\n","protected":false},"author":1,"featured_media":54120,"comment_status":"closed","ping_status":"closed","sticky":false,"template":"","format":"standard","meta":{"footnotes":""},"categories":[3],"tags":[30],"class_list":["post-54119","post","type-post","status-publish","format-standard","has-post-thumbnail","hentry","category-regionales","tag-varela"],"_links":{"self":[{"href":"https:\/\/panoramadelsur.com.ar\/index.php?rest_route=\/wp\/v2\/posts\/54119","targetHints":{"allow":["GET"]}}],"collection":[{"href":"https:\/\/panoramadelsur.com.ar\/index.php?rest_route=\/wp\/v2\/posts"}],"about":[{"href":"https:\/\/panoramadelsur.com.ar\/index.php?rest_route=\/wp\/v2\/types\/post"}],"author":[{"embeddable":true,"href":"https:\/\/panoramadelsur.com.ar\/index.php?rest_route=\/wp\/v2\/users\/1"}],"replies":[{"embeddable":true,"href":"https:\/\/panoramadelsur.com.ar\/index.php?rest_route=%2Fwp%2Fv2%2Fcomments&post=54119"}],"version-history":[{"count":1,"href":"https:\/\/panoramadelsur.com.ar\/index.php?rest_route=\/wp\/v2\/posts\/54119\/revisions"}],"predecessor-version":[{"id":54121,"href":"https:\/\/panoramadelsur.com.ar\/index.php?rest_route=\/wp\/v2\/posts\/54119\/revisions\/54121"}],"wp:featuredmedia":[{"embeddable":true,"href":"https:\/\/panoramadelsur.com.ar\/index.php?rest_route=\/wp\/v2\/media\/54120"}],"wp:attachment":[{"href":"https:\/\/panoramadelsur.com.ar\/index.php?rest_route=%2Fwp%2Fv2%2Fmedia&parent=54119"}],"wp:term":[{"taxonomy":"category","embeddable":true,"href":"https:\/\/panoramadelsur.com.ar\/index.php?rest_route=%2Fwp%2Fv2%2Fcategories&post=54119"},{"taxonomy":"post_tag","embeddable":true,"href":"https:\/\/panoramadelsur.com.ar\/index.php?rest_route=%2Fwp%2Fv2%2Ftags&post=54119"}],"curies":[{"name":"wp","href":"https:\/\/api.w.org\/{rel}","templated":true}]}}