{"id":54122,"date":"2024-08-26T01:01:00","date_gmt":"2024-08-26T04:01:00","guid":{"rendered":"https:\/\/panoramadelsur.com.ar\/?p=54122"},"modified":"2024-08-25T16:28:04","modified_gmt":"2024-08-25T19:28:04","slug":"varela-jornada-de-asesoramiento-integral-en-villa-brown-rural","status":"publish","type":"post","link":"https:\/\/panoramadelsur.com.ar\/?p=54122","title":{"rendered":"VARELA: JORNADA DE ASESORAMIENTO INTEGRAL EN VILLA BROWN RURAL"},"content":{"rendered":"\n<p class=\"wp-block-paragraph\">El gobierno varelense coordina un dispositivo territorial, multidisciplinario e itinerante, en articulaci\u00f3n con el Estado provincial, donde brindar\u00e1 prestaciones gratuitas de todas sus carteras este lunes 26 de agosto de 11 a 14.30 hs. en calle 1416 y 1435.<\/p>\n\n\n\n<p class=\"wp-block-paragraph\">La iniciativa incluir\u00e1 stands de Ventanilla \u00danica, Defensa del Consumidor, documentaci\u00f3n, gesti\u00f3n ambiental, \u00abEnvi\u00f3n\u00bb, plan FinEs, juventud, empleo, g\u00e9nero, discapacidad, inmunizaci\u00f3n antirr\u00e1bica y desparasitaci\u00f3n de mascotas, vacunaci\u00f3n de Calendario Nacional m\u00e1s anti Covid-19, Defensor\u00eda del Pueblo, llenado de libretas, entre otras acciones.<\/p>\n\n\n\n<p class=\"wp-block-paragraph\">Durante un operativo anterior, Daiana -frentista- califica como \u201cc\u00f3moda y r\u00e1pida\u201d su experiencia en la jornada. Adem\u00e1s, considera: \u201cUna oportunidad para hacer f\u00e1cilmente el cambio de domicilio despu\u00e9s de mi mudanza tres a\u00f1os atr\u00e1s\u201d.<\/p>\n\n\n\n<p class=\"wp-block-paragraph\">Reprogramar\u00e1n la propuesta ante condiciones clim\u00e1ticas desfavorables.<\/p>\n","protected":false},"excerpt":{"rendered":"<p>El gobierno<\/p>\n","protected":false},"author":1,"featured_media":54123,"comment_status":"closed","ping_status":"closed","sticky":false,"template":"","format":"standard","meta":{"footnotes":""},"categories":[8,3],"tags":[30],"class_list":["post-54122","post","type-post","status-publish","format-standard","has-post-thumbnail","hentry","category-para-agendar","category-regionales","tag-varela"],"_links":{"self":[{"href":"https:\/\/panoramadelsur.com.ar\/index.php?rest_route=\/wp\/v2\/posts\/54122","targetHints":{"allow":["GET"]}}],"collection":[{"href":"https:\/\/panoramadelsur.com.ar\/index.php?rest_route=\/wp\/v2\/posts"}],"about":[{"href":"https:\/\/panoramadelsur.com.ar\/index.php?rest_route=\/wp\/v2\/types\/post"}],"author":[{"embeddable":true,"href":"https:\/\/panoramadelsur.com.ar\/index.php?rest_route=\/wp\/v2\/users\/1"}],"replies":[{"embeddable":true,"href":"https:\/\/panoramadelsur.com.ar\/index.php?rest_route=%2Fwp%2Fv2%2Fcomments&post=54122"}],"version-history":[{"count":1,"href":"https:\/\/panoramadelsur.com.ar\/index.php?rest_route=\/wp\/v2\/posts\/54122\/revisions"}],"predecessor-version":[{"id":54124,"href":"https:\/\/panoramadelsur.com.ar\/index.php?rest_route=\/wp\/v2\/posts\/54122\/revisions\/54124"}],"wp:featuredmedia":[{"embeddable":true,"href":"https:\/\/panoramadelsur.com.ar\/index.php?rest_route=\/wp\/v2\/media\/54123"}],"wp:attachment":[{"href":"https:\/\/panoramadelsur.com.ar\/index.php?rest_route=%2Fwp%2Fv2%2Fmedia&parent=54122"}],"wp:term":[{"taxonomy":"category","embeddable":true,"href":"https:\/\/panoramadelsur.com.ar\/index.php?rest_route=%2Fwp%2Fv2%2Fcategories&post=54122"},{"taxonomy":"post_tag","embeddable":true,"href":"https:\/\/panoramadelsur.com.ar\/index.php?rest_route=%2Fwp%2Fv2%2Ftags&post=54122"}],"curies":[{"name":"wp","href":"https:\/\/api.w.org\/{rel}","templated":true}]}}