{"id":54134,"date":"2024-08-26T01:05:00","date_gmt":"2024-08-26T04:05:00","guid":{"rendered":"https:\/\/panoramadelsur.com.ar\/?p=54134"},"modified":"2024-08-25T17:01:57","modified_gmt":"2024-08-25T20:01:57","slug":"bases-del-concurso-escolar-pinta-tu-ambiente-2024","status":"publish","type":"post","link":"https:\/\/panoramadelsur.com.ar\/?p=54134","title":{"rendered":"BASES DEL CONCURSO ESCOLAR \u00abPINT\u00c1 TU AMBIENTE\u00bb 2024"},"content":{"rendered":"\n<p>La Comuna present\u00f3 las condiciones del certamen destinado a la concientizaci\u00f3n sobre tem\u00e1ticas vinculadas al cuidado del planeta durante un encuentro en el predio de la ex empresa AGFA.<\/p>\n\n\n\n<p>Docentes en diferentes niveles de establecimientos tanto de gesti\u00f3n estatal como privada del distrito compartieron el taller orientativo donde formalizaron las bases del concurso. Bajo el lema \u201cDigamos no al dengue\u201d, en esta entrega, la consigna elegida estuvo referida a prevenir la proliferaci\u00f3n del mosquito.<\/p>\n\n\n\n<p>El subsecretario de Gesti\u00f3n y Articulaci\u00f3n Territorial Ambiental -Jorge Flores- valor\u00f3 \u201cel compromiso de la comunidad educativa en cada una de las ediciones de la competencia\u201d. Ponder\u00f3 \u201cel involucramiento del alumnado en acciones de protecci\u00f3n al ecosistema\u201d.<\/p>\n\n\n\n<p>El funcionario apunt\u00f3 a \u201cla oportunidad de interiorizarse en h\u00e1bitos fundamentales como la descacharrizaci\u00f3n a trav\u00e9s de la expresi\u00f3n art\u00edstica\u201d. Repar\u00f3 en el factor multiplicador para \u201creplicar estos conocimientos con sus familias y en los barrios\u201d.&nbsp;<\/p>\n\n\n\n<p>Desde el \u00e1rea organizadora, aclararon la posibilidad de utilizar diversas t\u00e9cnicas y materiales para la elaboraci\u00f3n de los proyectos. Fijaron como plazo de recepci\u00f3n de trabajos el viernes 27 de septiembre inclusive. M\u00e1s informaci\u00f3n en: https:\/\/www.varela.gob.ar\/ambiente\/pintatuambiente.aspx<\/p>\n","protected":false},"excerpt":{"rendered":"<p>La Comuna<\/p>\n","protected":false},"author":1,"featured_media":54135,"comment_status":"closed","ping_status":"closed","sticky":false,"template":"","format":"standard","meta":{"footnotes":""},"categories":[3],"tags":[30],"class_list":["post-54134","post","type-post","status-publish","format-standard","has-post-thumbnail","hentry","category-regionales","tag-varela"],"_links":{"self":[{"href":"https:\/\/panoramadelsur.com.ar\/index.php?rest_route=\/wp\/v2\/posts\/54134","targetHints":{"allow":["GET"]}}],"collection":[{"href":"https:\/\/panoramadelsur.com.ar\/index.php?rest_route=\/wp\/v2\/posts"}],"about":[{"href":"https:\/\/panoramadelsur.com.ar\/index.php?rest_route=\/wp\/v2\/types\/post"}],"author":[{"embeddable":true,"href":"https:\/\/panoramadelsur.com.ar\/index.php?rest_route=\/wp\/v2\/users\/1"}],"replies":[{"embeddable":true,"href":"https:\/\/panoramadelsur.com.ar\/index.php?rest_route=%2Fwp%2Fv2%2Fcomments&post=54134"}],"version-history":[{"count":1,"href":"https:\/\/panoramadelsur.com.ar\/index.php?rest_route=\/wp\/v2\/posts\/54134\/revisions"}],"predecessor-version":[{"id":54136,"href":"https:\/\/panoramadelsur.com.ar\/index.php?rest_route=\/wp\/v2\/posts\/54134\/revisions\/54136"}],"wp:featuredmedia":[{"embeddable":true,"href":"https:\/\/panoramadelsur.com.ar\/index.php?rest_route=\/wp\/v2\/media\/54135"}],"wp:attachment":[{"href":"https:\/\/panoramadelsur.com.ar\/index.php?rest_route=%2Fwp%2Fv2%2Fmedia&parent=54134"}],"wp:term":[{"taxonomy":"category","embeddable":true,"href":"https:\/\/panoramadelsur.com.ar\/index.php?rest_route=%2Fwp%2Fv2%2Fcategories&post=54134"},{"taxonomy":"post_tag","embeddable":true,"href":"https:\/\/panoramadelsur.com.ar\/index.php?rest_route=%2Fwp%2Fv2%2Ftags&post=54134"}],"curies":[{"name":"wp","href":"https:\/\/api.w.org\/{rel}","templated":true}]}}